{"id":63673,"date":"2025-09-23T12:17:23","date_gmt":"2025-09-23T10:17:23","guid":{"rendered":"https:\/\/sophia4africa.eu\/?p=63673"},"modified":"2025-09-23T12:22:18","modified_gmt":"2025-09-23T10:22:18","slug":"inauguration-du-conteneur-sophia-a-lhopital-de-mua-malawi","status":"publish","type":"post","link":"https:\/\/sophia4africa.eu\/fr\/2025\/09\/23\/inauguration-du-conteneur-sophia-a-lhopital-de-mua-malawi\/","title":{"rendered":"Inauguration du conteneur SophiA \u00e0 l\u2019h\u00f4pital de Mua, Malawi"},"content":{"rendered":"<div class=\"x_elementToProof\" data-olk-copy-source=\"MessageBody\">Le projet SophiA a franchi une \u00e9tape majeure avec l\u2019inauguration officielle du conteneur install\u00e9 \u00e0 l\u2019h\u00f4pital missionnaire de Mua, au Malawi. Cet \u00e9v\u00e9nement marque un tournant pour l\u2019\u00e9tablissement, qui b\u00e9n\u00e9ficie d\u00e9sormais de solutions \u00e9nerg\u00e9tiques et technologiques durables au service de la sant\u00e9.<\/div>\n<div class=\"x_elementToProof\"><\/div>\n<div class=\"x_elementToProof\">Dans les jours pr\u00e9c\u00e9dant la c\u00e9r\u00e9monie, Olivier Schmid, de la Hochschule Karlsruhe (HKA), a accompagn\u00e9 le personnel hospitalier dans les derniers ajustements techniques : am\u00e9lioration du signal mobile pour la pharmacie d\u00e9localis\u00e9e, reprogrammation de l\u2019IP du syst\u00e8me de batteries, optimisation de la configuration des panneaux photovolta\u00efques et mise en service du refroidisseur d\u2019eau. Ces pr\u00e9paratifs ont garanti l\u2019int\u00e9gration harmonieuse du syst\u00e8me dans la communaut\u00e9 locale.<\/div>\n<div><\/div>\n<div><\/div>\n<div><\/div>\n<div><\/div>\n<div><\/div>\n<div class=\"x_elementToProof\"><img loading=\"lazy\" decoding=\"async\" class=\"wp-image-63674 aligncenter\" src=\"https:\/\/sophia4africa.eu\/wp-content\/uploads\/2025\/09\/1757097164232-300x200.jpeg\" alt=\"\" width=\"560\" height=\"373\" srcset=\"https:\/\/sophia4africa.eu\/wp-content\/uploads\/2025\/09\/1757097164232-300x200.jpeg 300w, https:\/\/sophia4africa.eu\/wp-content\/uploads\/2025\/09\/1757097164232-1024x683.jpeg 1024w, https:\/\/sophia4africa.eu\/wp-content\/uploads\/2025\/09\/1757097164232-768x512.jpeg 768w, https:\/\/sophia4africa.eu\/wp-content\/uploads\/2025\/09\/1757097164232-391x260.jpeg 391w, https:\/\/sophia4africa.eu\/wp-content\/uploads\/2025\/09\/1757097164232.jpeg 1200w\" sizes=\"auto, (max-width: 560px) 100vw, 560px\" \/><\/div>\n<div><\/div>\n<div><\/div>\n<div><\/div>\n<div><\/div>\n<div><\/div>\n<div class=\"x_elementToProof\">Le jour de l\u2019inauguration, de nombreux invit\u00e9s se sont rassembl\u00e9s pour c\u00e9l\u00e9brer ces avanc\u00e9es. Fr. Isaac, directeur de l\u2019h\u00f4pital, a r\u00e9sum\u00e9 l\u2019\u00e9motion collective d\u2019un mot simple\u202f: \u00ab\u202fAujourd\u2019hui, nous avons fait l\u2019histoire \u00e0 l\u2019h\u00f4pital de Mua. Nous avons cuisin\u00e9 gr\u00e2ce aux syst\u00e8mes SophiA. Excellent travail\u202f!\u202f\u00bb<\/div>\n<div class=\"x_elementToProof\"><\/div>\n<div class=\"x_elementToProof\">Les technologies install\u00e9es apportent des b\u00e9n\u00e9fices concrets et multiples. Les r\u00e9flecteurs Scheffler \u00e0 suivi solaire automatique, d\u00e9velopp\u00e9s par Simply Solar, permettent de cuisiner directement \u00e0 l\u2019\u00e9nergie du soleil, offrant une alternative propre au gaz ou au bois. En compl\u00e9ment, le PVsteamCube \u2013 con\u00e7u dans le cadre du projet SophiA4Africa et test\u00e9 par SPF Institut f\u00fcr Solartechnik \u2013 garantit une production de vapeur pour la cuisson et la st\u00e9rilisation de jour comme de nuit. Ce dispositif combine stockage d\u2019\u00e9nergie thermique haute temp\u00e9rature et alimentation photovolta\u00efque, assurant fiabilit\u00e9 et durabilit\u00e9.<\/div>\n<div><\/div>\n<div><\/div>\n<div><\/div>\n<div><\/div>\n<div><img loading=\"lazy\" decoding=\"async\" class=\"wp-image-63684 aligncenter\" src=\"https:\/\/sophia4africa.eu\/wp-content\/uploads\/2025\/09\/1757097185332-1-300x200.jpeg\" alt=\"\" width=\"471\" height=\"314\" srcset=\"https:\/\/sophia4africa.eu\/wp-content\/uploads\/2025\/09\/1757097185332-1-300x200.jpeg 300w, https:\/\/sophia4africa.eu\/wp-content\/uploads\/2025\/09\/1757097185332-1-1024x683.jpeg 1024w, https:\/\/sophia4africa.eu\/wp-content\/uploads\/2025\/09\/1757097185332-1-768x512.jpeg 768w, https:\/\/sophia4africa.eu\/wp-content\/uploads\/2025\/09\/1757097185332-1-391x260.jpeg 391w, https:\/\/sophia4africa.eu\/wp-content\/uploads\/2025\/09\/1757097185332-1.jpeg 1200w\" sizes=\"auto, (max-width: 471px) 100vw, 471px\" \/><\/div>\n<div><\/div>\n<div><\/div>\n<div><\/div>\n<div><\/div>\n<div><\/div>\n<div>\u00c9lectricit\u00e9, r\u00e9frig\u00e9ration des m\u00e9dicaments, chauffage, eau potable s\u00fbre, cuisson et st\u00e9rilisation : autant de services d\u00e9sormais accessibles gr\u00e2ce aux solutions solaires intelligentes mises en place. L\u2019h\u00f4pital de Mua devient ainsi un exemple concret de l\u2019ambition de SophiA\u202f: proposer des solutions innovantes, adapt\u00e9es aux h\u00f4pitaux et centres de sant\u00e9 en zones isol\u00e9es, pour am\u00e9liorer de mani\u00e8re durable la qualit\u00e9 de vie des patients et du personnel soignant.<\/div>\n<div class=\"x_elementToProof\"><\/div>\n","protected":false},"excerpt":{"rendered":"<p>Le projet SophiA a franchi une \u00e9tape majeure avec l\u2019inauguration officielle du conteneur install\u00e9 \u00e0 l\u2019h\u00f4pital missionnaire de Mua, au Malawi. Cet \u00e9v\u00e9nement marque un tournant pour l\u2019\u00e9tablissement, qui b\u00e9n\u00e9ficie d\u00e9sormais de solutions \u00e9nerg\u00e9tiques et technologiques durables au service de la sant\u00e9. Dans les jours pr\u00e9c\u00e9dant la c\u00e9r\u00e9monie, Olivier Schmid, de la Hochschule Karlsruhe (HKA),&hellip;<\/p>\n","protected":false},"author":10,"featured_media":63680,"comment_status":"closed","ping_status":"open","sticky":false,"template":"","format":"standard","meta":{"footnotes":""},"categories":[547],"tags":[],"class_list":["post-63673","post","type-post","status-publish","format-standard","has-post-thumbnail","hentry","category-news","category-547","description-off"],"yoast_head":"<!-- This site is optimized with the Yoast SEO plugin v27.3 - https:\/\/yoast.com\/product\/yoast-seo-wordpress\/ -->\n<title>Inauguration du conteneur SophiA \u00e0 l\u2019h\u00f4pital de Mua, Malawi - SophiA 4 Africa<\/title>\n<meta name=\"robots\" content=\"index, follow, max-snippet:-1, max-image-preview:large, max-video-preview:-1\" \/>\n<link rel=\"canonical\" href=\"https:\/\/sophia4africa.eu\/fr\/2025\/09\/23\/inauguration-du-conteneur-sophia-a-lhopital-de-mua-malawi\/\" \/>\n<meta property=\"og:locale\" content=\"fr_FR\" \/>\n<meta property=\"og:type\" content=\"article\" \/>\n<meta property=\"og:title\" content=\"Inauguration du conteneur SophiA \u00e0 l\u2019h\u00f4pital de Mua, Malawi - SophiA 4 Africa\" \/>\n<meta property=\"og:description\" content=\"Le projet SophiA a franchi une \u00e9tape majeure avec l\u2019inauguration officielle du conteneur install\u00e9 \u00e0 l\u2019h\u00f4pital missionnaire de Mua, au Malawi. Cet \u00e9v\u00e9nement marque un tournant pour l\u2019\u00e9tablissement, qui b\u00e9n\u00e9ficie d\u00e9sormais de solutions \u00e9nerg\u00e9tiques et technologiques durables au service de la sant\u00e9. Dans les jours pr\u00e9c\u00e9dant la c\u00e9r\u00e9monie, Olivier Schmid, de la Hochschule Karlsruhe (HKA),&hellip;\" \/>\n<meta property=\"og:url\" content=\"https:\/\/sophia4africa.eu\/fr\/2025\/09\/23\/inauguration-du-conteneur-sophia-a-lhopital-de-mua-malawi\/\" \/>\n<meta property=\"og:site_name\" content=\"SophiA 4 Africa\" \/>\n<meta property=\"article:publisher\" content=\"https:\/\/www.facebook.com\/sophiA4Africa\" \/>\n<meta property=\"article:published_time\" content=\"2025-09-23T10:17:23+00:00\" \/>\n<meta property=\"article:modified_time\" content=\"2025-09-23T10:22:18+00:00\" \/>\n<meta property=\"og:image\" content=\"https:\/\/sophia4africa.eu\/wp-content\/uploads\/2025\/09\/1757097169319.jpeg\" \/>\n\t<meta property=\"og:image:width\" content=\"1200\" \/>\n\t<meta property=\"og:image:height\" content=\"800\" \/>\n\t<meta property=\"og:image:type\" content=\"image\/jpeg\" \/>\n<meta name=\"author\" content=\"Marie Christelle Attila\" \/>\n<meta name=\"twitter:card\" content=\"summary_large_image\" \/>\n<meta name=\"twitter:label1\" content=\"\u00c9crit par\" \/>\n\t<meta name=\"twitter:data1\" content=\"Marie Christelle Attila\" \/>\n\t<meta name=\"twitter:label2\" content=\"Dur\u00e9e de lecture estim\u00e9e\" \/>\n\t<meta name=\"twitter:data2\" content=\"2 minutes\" \/>\n<script type=\"application\/ld+json\" class=\"yoast-schema-graph\">{\"@context\":\"https:\\\/\\\/schema.org\",\"@graph\":[{\"@type\":\"Article\",\"@id\":\"https:\\\/\\\/sophia4africa.eu\\\/fr\\\/2025\\\/09\\\/23\\\/inauguration-du-conteneur-sophia-a-lhopital-de-mua-malawi\\\/#article\",\"isPartOf\":{\"@id\":\"https:\\\/\\\/sophia4africa.eu\\\/fr\\\/2025\\\/09\\\/23\\\/inauguration-du-conteneur-sophia-a-lhopital-de-mua-malawi\\\/\"},\"author\":{\"name\":\"Marie Christelle Attila\",\"@id\":\"https:\\\/\\\/sophia4africa.eu\\\/fr\\\/#\\\/schema\\\/person\\\/af74769d4f1f8c1a8cf15dc764c57913\"},\"headline\":\"Inauguration du conteneur SophiA \u00e0 l\u2019h\u00f4pital de Mua, Malawi\",\"datePublished\":\"2025-09-23T10:17:23+00:00\",\"dateModified\":\"2025-09-23T10:22:18+00:00\",\"mainEntityOfPage\":{\"@id\":\"https:\\\/\\\/sophia4africa.eu\\\/fr\\\/2025\\\/09\\\/23\\\/inauguration-du-conteneur-sophia-a-lhopital-de-mua-malawi\\\/\"},\"wordCount\":378,\"publisher\":{\"@id\":\"https:\\\/\\\/sophia4africa.eu\\\/fr\\\/#organization\"},\"image\":{\"@id\":\"https:\\\/\\\/sophia4africa.eu\\\/fr\\\/2025\\\/09\\\/23\\\/inauguration-du-conteneur-sophia-a-lhopital-de-mua-malawi\\\/#primaryimage\"},\"thumbnailUrl\":\"https:\\\/\\\/sophia4africa.eu\\\/wp-content\\\/uploads\\\/2025\\\/09\\\/1757097169319.jpeg\",\"articleSection\":[\"News\"],\"inLanguage\":\"fr-FR\"},{\"@type\":\"WebPage\",\"@id\":\"https:\\\/\\\/sophia4africa.eu\\\/fr\\\/2025\\\/09\\\/23\\\/inauguration-du-conteneur-sophia-a-lhopital-de-mua-malawi\\\/\",\"url\":\"https:\\\/\\\/sophia4africa.eu\\\/fr\\\/2025\\\/09\\\/23\\\/inauguration-du-conteneur-sophia-a-lhopital-de-mua-malawi\\\/\",\"name\":\"Inauguration du conteneur SophiA \u00e0 l\u2019h\u00f4pital de Mua, Malawi - SophiA 4 Africa\",\"isPartOf\":{\"@id\":\"https:\\\/\\\/sophia4africa.eu\\\/fr\\\/#website\"},\"primaryImageOfPage\":{\"@id\":\"https:\\\/\\\/sophia4africa.eu\\\/fr\\\/2025\\\/09\\\/23\\\/inauguration-du-conteneur-sophia-a-lhopital-de-mua-malawi\\\/#primaryimage\"},\"image\":{\"@id\":\"https:\\\/\\\/sophia4africa.eu\\\/fr\\\/2025\\\/09\\\/23\\\/inauguration-du-conteneur-sophia-a-lhopital-de-mua-malawi\\\/#primaryimage\"},\"thumbnailUrl\":\"https:\\\/\\\/sophia4africa.eu\\\/wp-content\\\/uploads\\\/2025\\\/09\\\/1757097169319.jpeg\",\"datePublished\":\"2025-09-23T10:17:23+00:00\",\"dateModified\":\"2025-09-23T10:22:18+00:00\",\"breadcrumb\":{\"@id\":\"https:\\\/\\\/sophia4africa.eu\\\/fr\\\/2025\\\/09\\\/23\\\/inauguration-du-conteneur-sophia-a-lhopital-de-mua-malawi\\\/#breadcrumb\"},\"inLanguage\":\"fr-FR\",\"potentialAction\":[{\"@type\":\"ReadAction\",\"target\":[\"https:\\\/\\\/sophia4africa.eu\\\/fr\\\/2025\\\/09\\\/23\\\/inauguration-du-conteneur-sophia-a-lhopital-de-mua-malawi\\\/\"]}]},{\"@type\":\"ImageObject\",\"inLanguage\":\"fr-FR\",\"@id\":\"https:\\\/\\\/sophia4africa.eu\\\/fr\\\/2025\\\/09\\\/23\\\/inauguration-du-conteneur-sophia-a-lhopital-de-mua-malawi\\\/#primaryimage\",\"url\":\"https:\\\/\\\/sophia4africa.eu\\\/wp-content\\\/uploads\\\/2025\\\/09\\\/1757097169319.jpeg\",\"contentUrl\":\"https:\\\/\\\/sophia4africa.eu\\\/wp-content\\\/uploads\\\/2025\\\/09\\\/1757097169319.jpeg\",\"width\":1200,\"height\":800},{\"@type\":\"BreadcrumbList\",\"@id\":\"https:\\\/\\\/sophia4africa.eu\\\/fr\\\/2025\\\/09\\\/23\\\/inauguration-du-conteneur-sophia-a-lhopital-de-mua-malawi\\\/#breadcrumb\",\"itemListElement\":[{\"@type\":\"ListItem\",\"position\":1,\"name\":\"Home\",\"item\":\"https:\\\/\\\/sophia4africa.eu\\\/fr\\\/accueil\\\/\"},{\"@type\":\"ListItem\",\"position\":2,\"name\":\"Inauguration du conteneur SophiA \u00e0 l\u2019h\u00f4pital de Mua, Malawi\"}]},{\"@type\":\"WebSite\",\"@id\":\"https:\\\/\\\/sophia4africa.eu\\\/fr\\\/#website\",\"url\":\"https:\\\/\\\/sophia4africa.eu\\\/fr\\\/\",\"name\":\"SophiA 4 Africa\",\"description\":\"\",\"publisher\":{\"@id\":\"https:\\\/\\\/sophia4africa.eu\\\/fr\\\/#organization\"},\"potentialAction\":[{\"@type\":\"SearchAction\",\"target\":{\"@type\":\"EntryPoint\",\"urlTemplate\":\"https:\\\/\\\/sophia4africa.eu\\\/fr\\\/?s={search_term_string}\"},\"query-input\":{\"@type\":\"PropertyValueSpecification\",\"valueRequired\":true,\"valueName\":\"search_term_string\"}}],\"inLanguage\":\"fr-FR\"},{\"@type\":\"Organization\",\"@id\":\"https:\\\/\\\/sophia4africa.eu\\\/fr\\\/#organization\",\"name\":\"SophiA4Africa\",\"url\":\"https:\\\/\\\/sophia4africa.eu\\\/fr\\\/\",\"logo\":{\"@type\":\"ImageObject\",\"inLanguage\":\"fr-FR\",\"@id\":\"https:\\\/\\\/sophia4africa.eu\\\/fr\\\/#\\\/schema\\\/logo\\\/image\\\/\",\"url\":\"https:\\\/\\\/sophia4africa.eu\\\/wp-content\\\/uploads\\\/2022\\\/03\\\/logo-sophia-329x114-1.png\",\"contentUrl\":\"https:\\\/\\\/sophia4africa.eu\\\/wp-content\\\/uploads\\\/2022\\\/03\\\/logo-sophia-329x114-1.png\",\"width\":329,\"height\":114,\"caption\":\"SophiA4Africa\"},\"image\":{\"@id\":\"https:\\\/\\\/sophia4africa.eu\\\/fr\\\/#\\\/schema\\\/logo\\\/image\\\/\"},\"sameAs\":[\"https:\\\/\\\/www.facebook.com\\\/sophiA4Africa\"]},{\"@type\":\"Person\",\"@id\":\"https:\\\/\\\/sophia4africa.eu\\\/fr\\\/#\\\/schema\\\/person\\\/af74769d4f1f8c1a8cf15dc764c57913\",\"name\":\"Marie Christelle Attila\",\"image\":{\"@type\":\"ImageObject\",\"inLanguage\":\"fr-FR\",\"@id\":\"https:\\\/\\\/secure.gravatar.com\\\/avatar\\\/6f1309cf31790caa853b50f61c8c95bdf334bfa5b2913feda0904490a6db0d6e?s=96&d=mm&r=g\",\"url\":\"https:\\\/\\\/secure.gravatar.com\\\/avatar\\\/6f1309cf31790caa853b50f61c8c95bdf334bfa5b2913feda0904490a6db0d6e?s=96&d=mm&r=g\",\"contentUrl\":\"https:\\\/\\\/secure.gravatar.com\\\/avatar\\\/6f1309cf31790caa853b50f61c8c95bdf334bfa5b2913feda0904490a6db0d6e?s=96&d=mm&r=g\",\"caption\":\"Marie Christelle Attila\"},\"url\":\"https:\\\/\\\/sophia4africa.eu\\\/fr\\\/author\\\/mc-attila\\\/\"}]}<\/script>\n<!-- \/ Yoast SEO plugin. -->","yoast_head_json":{"title":"Inauguration du conteneur SophiA \u00e0 l\u2019h\u00f4pital de Mua, Malawi - SophiA 4 Africa","robots":{"index":"index","follow":"follow","max-snippet":"max-snippet:-1","max-image-preview":"max-image-preview:large","max-video-preview":"max-video-preview:-1"},"canonical":"https:\/\/sophia4africa.eu\/fr\/2025\/09\/23\/inauguration-du-conteneur-sophia-a-lhopital-de-mua-malawi\/","og_locale":"fr_FR","og_type":"article","og_title":"Inauguration du conteneur SophiA \u00e0 l\u2019h\u00f4pital de Mua, Malawi - SophiA 4 Africa","og_description":"Le projet SophiA a franchi une \u00e9tape majeure avec l\u2019inauguration officielle du conteneur install\u00e9 \u00e0 l\u2019h\u00f4pital missionnaire de Mua, au Malawi. Cet \u00e9v\u00e9nement marque un tournant pour l\u2019\u00e9tablissement, qui b\u00e9n\u00e9ficie d\u00e9sormais de solutions \u00e9nerg\u00e9tiques et technologiques durables au service de la sant\u00e9. Dans les jours pr\u00e9c\u00e9dant la c\u00e9r\u00e9monie, Olivier Schmid, de la Hochschule Karlsruhe (HKA),&hellip;","og_url":"https:\/\/sophia4africa.eu\/fr\/2025\/09\/23\/inauguration-du-conteneur-sophia-a-lhopital-de-mua-malawi\/","og_site_name":"SophiA 4 Africa","article_publisher":"https:\/\/www.facebook.com\/sophiA4Africa","article_published_time":"2025-09-23T10:17:23+00:00","article_modified_time":"2025-09-23T10:22:18+00:00","og_image":[{"width":1200,"height":800,"url":"https:\/\/sophia4africa.eu\/wp-content\/uploads\/2025\/09\/1757097169319.jpeg","type":"image\/jpeg"}],"author":"Marie Christelle Attila","twitter_card":"summary_large_image","twitter_misc":{"\u00c9crit par":"Marie Christelle Attila","Dur\u00e9e de lecture estim\u00e9e":"2 minutes"},"schema":{"@context":"https:\/\/schema.org","@graph":[{"@type":"Article","@id":"https:\/\/sophia4africa.eu\/fr\/2025\/09\/23\/inauguration-du-conteneur-sophia-a-lhopital-de-mua-malawi\/#article","isPartOf":{"@id":"https:\/\/sophia4africa.eu\/fr\/2025\/09\/23\/inauguration-du-conteneur-sophia-a-lhopital-de-mua-malawi\/"},"author":{"name":"Marie Christelle Attila","@id":"https:\/\/sophia4africa.eu\/fr\/#\/schema\/person\/af74769d4f1f8c1a8cf15dc764c57913"},"headline":"Inauguration du conteneur SophiA \u00e0 l\u2019h\u00f4pital de Mua, Malawi","datePublished":"2025-09-23T10:17:23+00:00","dateModified":"2025-09-23T10:22:18+00:00","mainEntityOfPage":{"@id":"https:\/\/sophia4africa.eu\/fr\/2025\/09\/23\/inauguration-du-conteneur-sophia-a-lhopital-de-mua-malawi\/"},"wordCount":378,"publisher":{"@id":"https:\/\/sophia4africa.eu\/fr\/#organization"},"image":{"@id":"https:\/\/sophia4africa.eu\/fr\/2025\/09\/23\/inauguration-du-conteneur-sophia-a-lhopital-de-mua-malawi\/#primaryimage"},"thumbnailUrl":"https:\/\/sophia4africa.eu\/wp-content\/uploads\/2025\/09\/1757097169319.jpeg","articleSection":["News"],"inLanguage":"fr-FR"},{"@type":"WebPage","@id":"https:\/\/sophia4africa.eu\/fr\/2025\/09\/23\/inauguration-du-conteneur-sophia-a-lhopital-de-mua-malawi\/","url":"https:\/\/sophia4africa.eu\/fr\/2025\/09\/23\/inauguration-du-conteneur-sophia-a-lhopital-de-mua-malawi\/","name":"Inauguration du conteneur SophiA \u00e0 l\u2019h\u00f4pital de Mua, Malawi - SophiA 4 Africa","isPartOf":{"@id":"https:\/\/sophia4africa.eu\/fr\/#website"},"primaryImageOfPage":{"@id":"https:\/\/sophia4africa.eu\/fr\/2025\/09\/23\/inauguration-du-conteneur-sophia-a-lhopital-de-mua-malawi\/#primaryimage"},"image":{"@id":"https:\/\/sophia4africa.eu\/fr\/2025\/09\/23\/inauguration-du-conteneur-sophia-a-lhopital-de-mua-malawi\/#primaryimage"},"thumbnailUrl":"https:\/\/sophia4africa.eu\/wp-content\/uploads\/2025\/09\/1757097169319.jpeg","datePublished":"2025-09-23T10:17:23+00:00","dateModified":"2025-09-23T10:22:18+00:00","breadcrumb":{"@id":"https:\/\/sophia4africa.eu\/fr\/2025\/09\/23\/inauguration-du-conteneur-sophia-a-lhopital-de-mua-malawi\/#breadcrumb"},"inLanguage":"fr-FR","potentialAction":[{"@type":"ReadAction","target":["https:\/\/sophia4africa.eu\/fr\/2025\/09\/23\/inauguration-du-conteneur-sophia-a-lhopital-de-mua-malawi\/"]}]},{"@type":"ImageObject","inLanguage":"fr-FR","@id":"https:\/\/sophia4africa.eu\/fr\/2025\/09\/23\/inauguration-du-conteneur-sophia-a-lhopital-de-mua-malawi\/#primaryimage","url":"https:\/\/sophia4africa.eu\/wp-content\/uploads\/2025\/09\/1757097169319.jpeg","contentUrl":"https:\/\/sophia4africa.eu\/wp-content\/uploads\/2025\/09\/1757097169319.jpeg","width":1200,"height":800},{"@type":"BreadcrumbList","@id":"https:\/\/sophia4africa.eu\/fr\/2025\/09\/23\/inauguration-du-conteneur-sophia-a-lhopital-de-mua-malawi\/#breadcrumb","itemListElement":[{"@type":"ListItem","position":1,"name":"Home","item":"https:\/\/sophia4africa.eu\/fr\/accueil\/"},{"@type":"ListItem","position":2,"name":"Inauguration du conteneur SophiA \u00e0 l\u2019h\u00f4pital de Mua, Malawi"}]},{"@type":"WebSite","@id":"https:\/\/sophia4africa.eu\/fr\/#website","url":"https:\/\/sophia4africa.eu\/fr\/","name":"SophiA 4 Africa","description":"","publisher":{"@id":"https:\/\/sophia4africa.eu\/fr\/#organization"},"potentialAction":[{"@type":"SearchAction","target":{"@type":"EntryPoint","urlTemplate":"https:\/\/sophia4africa.eu\/fr\/?s={search_term_string}"},"query-input":{"@type":"PropertyValueSpecification","valueRequired":true,"valueName":"search_term_string"}}],"inLanguage":"fr-FR"},{"@type":"Organization","@id":"https:\/\/sophia4africa.eu\/fr\/#organization","name":"SophiA4Africa","url":"https:\/\/sophia4africa.eu\/fr\/","logo":{"@type":"ImageObject","inLanguage":"fr-FR","@id":"https:\/\/sophia4africa.eu\/fr\/#\/schema\/logo\/image\/","url":"https:\/\/sophia4africa.eu\/wp-content\/uploads\/2022\/03\/logo-sophia-329x114-1.png","contentUrl":"https:\/\/sophia4africa.eu\/wp-content\/uploads\/2022\/03\/logo-sophia-329x114-1.png","width":329,"height":114,"caption":"SophiA4Africa"},"image":{"@id":"https:\/\/sophia4africa.eu\/fr\/#\/schema\/logo\/image\/"},"sameAs":["https:\/\/www.facebook.com\/sophiA4Africa"]},{"@type":"Person","@id":"https:\/\/sophia4africa.eu\/fr\/#\/schema\/person\/af74769d4f1f8c1a8cf15dc764c57913","name":"Marie Christelle Attila","image":{"@type":"ImageObject","inLanguage":"fr-FR","@id":"https:\/\/secure.gravatar.com\/avatar\/6f1309cf31790caa853b50f61c8c95bdf334bfa5b2913feda0904490a6db0d6e?s=96&d=mm&r=g","url":"https:\/\/secure.gravatar.com\/avatar\/6f1309cf31790caa853b50f61c8c95bdf334bfa5b2913feda0904490a6db0d6e?s=96&d=mm&r=g","contentUrl":"https:\/\/secure.gravatar.com\/avatar\/6f1309cf31790caa853b50f61c8c95bdf334bfa5b2913feda0904490a6db0d6e?s=96&d=mm&r=g","caption":"Marie Christelle Attila"},"url":"https:\/\/sophia4africa.eu\/fr\/author\/mc-attila\/"}]}},"_links":{"self":[{"href":"https:\/\/sophia4africa.eu\/fr\/wp-json\/wp\/v2\/posts\/63673","targetHints":{"allow":["GET"]}}],"collection":[{"href":"https:\/\/sophia4africa.eu\/fr\/wp-json\/wp\/v2\/posts"}],"about":[{"href":"https:\/\/sophia4africa.eu\/fr\/wp-json\/wp\/v2\/types\/post"}],"author":[{"embeddable":true,"href":"https:\/\/sophia4africa.eu\/fr\/wp-json\/wp\/v2\/users\/10"}],"replies":[{"embeddable":true,"href":"https:\/\/sophia4africa.eu\/fr\/wp-json\/wp\/v2\/comments?post=63673"}],"version-history":[{"count":4,"href":"https:\/\/sophia4africa.eu\/fr\/wp-json\/wp\/v2\/posts\/63673\/revisions"}],"predecessor-version":[{"id":63691,"href":"https:\/\/sophia4africa.eu\/fr\/wp-json\/wp\/v2\/posts\/63673\/revisions\/63691"}],"wp:featuredmedia":[{"embeddable":true,"href":"https:\/\/sophia4africa.eu\/fr\/wp-json\/wp\/v2\/media\/63680"}],"wp:attachment":[{"href":"https:\/\/sophia4africa.eu\/fr\/wp-json\/wp\/v2\/media?parent=63673"}],"wp:term":[{"taxonomy":"category","embeddable":true,"href":"https:\/\/sophia4africa.eu\/fr\/wp-json\/wp\/v2\/categories?post=63673"},{"taxonomy":"post_tag","embeddable":true,"href":"https:\/\/sophia4africa.eu\/fr\/wp-json\/wp\/v2\/tags?post=63673"}],"curies":[{"name":"wp","href":"https:\/\/api.w.org\/{rel}","templated":true}]}}