{"id":62814,"date":"2024-12-12T15:11:01","date_gmt":"2024-12-12T14:11:01","guid":{"rendered":"https:\/\/sophia4africa.eu\/2024\/12\/12\/sophia-remporte-le-prix-ecreee-pour-ses-efforts-dans-le-refroidissement-et-le-chauffage-solaire-en-afrique\/"},"modified":"2025-01-03T17:13:49","modified_gmt":"2025-01-03T16:13:49","slug":"sophia-remporte-le-prix-ecreee-pour-ses-efforts-dans-le-refroidissement-et-le-chauffage-solaire-en-afrique","status":"publish","type":"post","link":"https:\/\/sophia4africa.eu\/fr\/2024\/12\/12\/sophia-remporte-le-prix-ecreee-pour-ses-efforts-dans-le-refroidissement-et-le-chauffage-solaire-en-afrique\/","title":{"rendered":"SophiA remporte le prix ECREEE pour ses efforts dans le refroidissement et le chauffage solaire en Afrique"},"content":{"rendered":"<h5 style=\"text-align: justify;\">Pour la deuxi\u00e8me fois, l&rsquo;Institut international du froid (IIR) a particip\u00e9 au Forum de la CEDEAO sur l&rsquo;\u00e9nergie durable (ESEF), qui s&rsquo;est tenu cette ann\u00e9e les 28 et 29 novembre \u00e0 Abidjan, en C\u00f4te d&rsquo;Ivoire. La participation de l&rsquo;IIR a mis en \u00e9vidence les progr\u00e8s significatifs r\u00e9alis\u00e9s par ses projets dans la r\u00e9gion, en particulier dans les domaines du refroidissement solaire et de la r\u00e9frig\u00e9ration durable, et a permis de renforcer les partenariats avec les parties prenantes afin de continuer \u00e0 fournir des solutions \u00e9nerg\u00e9tiques propres.<\/h5>\n<p>&nbsp;<\/p>\n<p style=\"text-align: justify;\"><span style=\"color: #0063ab;\"><strong>Un pas vers une transition \u00e9nerg\u00e9tique juste <\/strong><\/span><\/p>\n<p style=\"text-align: justify;\">L&rsquo;ESEF, organis\u00e9 par le Centre de la CEDEAO pour les \u00e9nergies renouvelables et l&rsquo;efficacit\u00e9 \u00e9nerg\u00e9tique (ECREEE), est un \u00e9v\u00e9nement annuel con\u00e7u pour favoriser les partenariats et explorer les opportunit\u00e9s d&rsquo;investissement dans le secteur de l&rsquo;\u00e9nergie en Afrique de l&rsquo;Ouest. Le th\u00e8me de cette ann\u00e9e, \u00ab Vers une transition \u00e9nerg\u00e9tique juste dans la r\u00e9gion de la CEDEAO \u00bb, a attir\u00e9 plus de 400 participants de 30 pays, dont des d\u00e9cideurs politiques, des chefs d&rsquo;entreprise et des experts mondiaux. Le forum visait \u00e0 relever les d\u00e9fis \u00e9nerg\u00e9tiques de la r\u00e9gion tout en promouvant des solutions \u00e9nerg\u00e9tiques durables et abordables, r\u00e9affirmant ainsi la place de l&rsquo;ESEF en tant que premier \u00e9v\u00e9nement de la r\u00e9gion pour les acteurs du secteur de l&rsquo;\u00e9nergie.<\/p>\n<p style=\"text-align: justify;\">\n<p style=\"text-align: justify;\"><span style=\"color: #0063ab;\"><b>Atelier SophiA sur le refroidissement et le chauffage solaire<\/b><\/span><\/p>\n<p style=\"text-align: justify;\"><span data-contrast=\"auto\"><img loading=\"lazy\" decoding=\"async\" class=\"wp-image-62754 alignright\" src=\"https:\/\/sophia4africa.eu\/wp-content\/uploads\/2024\/12\/WhatsApp-Image-2024-11-27-at-15.47.20-300x169.jpeg\" alt=\"\" width=\"399\" height=\"225\" srcset=\"https:\/\/sophia4africa.eu\/wp-content\/uploads\/2024\/12\/WhatsApp-Image-2024-11-27-at-15.47.20-300x169.jpeg 300w, https:\/\/sophia4africa.eu\/wp-content\/uploads\/2024\/12\/WhatsApp-Image-2024-11-27-at-15.47.20-1024x576.jpeg 1024w, https:\/\/sophia4africa.eu\/wp-content\/uploads\/2024\/12\/WhatsApp-Image-2024-11-27-at-15.47.20-768x432.jpeg 768w, https:\/\/sophia4africa.eu\/wp-content\/uploads\/2024\/12\/WhatsApp-Image-2024-11-27-at-15.47.20.jpeg 1200w\" sizes=\"auto, (max-width: 399px) 100vw, 399px\" \/>Le 27 novembre, l&rsquo; IIR a organis\u00e9 un atelier de 3 heures sur les <strong>technologies de refroidissement et de chauffage solaire<\/strong>, de chauffage solaire, en pr\u00e9sentant des projets qui ont d\u00e9j\u00e0 fait des progr\u00e8s significatifs dans la r\u00e9gion de la CEDEAO. L&rsquo;atelier s &lsquo;est tenu au Centre des Conventions H\u00f4tel Radisson Blu (Salle Bamako), et \u00e9tait hybride, permettant la participation de partenaires et d&rsquo; \u00e9tudiants qui ne pouvaient pas \u00eatre pr\u00e9sents en personne.<\/span><span data-contrast=\"auto\"> Plus de <span style=\"color: #ca2244;\"><strong>70 personnes<\/strong><\/span> ont particip\u00e9 \u00e0 cet atelier, dont la moiti\u00e9 d&rsquo;\u00e9tudiants !<\/span><\/p>\n<p style=\"text-align: justify;\"><span data-contrast=\"auto\">Mod\u00e9r\u00e9 par Hary Andrintavy, l&rsquo;atelier a donn\u00e9 lieu \u00e0 plusieurs pr\u00e9sentations :<\/span><\/p>\n<ul style=\"text-align: justify;\">\n<li data-leveltext=\"\uf0b7\" data-font=\"Symbol\" data-listid=\"1\" data-list-defn-props=\"{\" aria-setsize=\"-1\" data-aria-posinset=\"1\" data-aria-level=\"1\"><b><span data-contrast=\"auto\">Philippe Schild <\/span><\/b><span data-contrast=\"auto\">(Commission europ\u00e9enne) a \u00e9voqu\u00e9 le partenariat UE-UA depuis 2017, en mettant l&rsquo;accent sur l&rsquo;adaptation au climat et les \u00e9nergies renouvelables en Afrique. <\/span><\/li>\n<\/ul>\n<ul style=\"text-align: justify;\">\n<li data-leveltext=\"\uf0b7\" data-font=\"Symbol\" data-listid=\"1\" data-list-defn-props=\"{\" aria-setsize=\"-1\" data-aria-posinset=\"2\" data-aria-level=\"1\"><b><span data-contrast=\"auto\">Le professeur Michael Kauffeld <\/span><\/b><span data-contrast=\"auto\">(Universit\u00e9 de Karlsruhe) a pr\u00e9sent\u00e9 le projet SophiA, qui fournit des syst\u00e8mes de refroidissement et de chauffage solaires en Afrique, en mettant l&rsquo;accent sur la formation des techniciens locaux.<\/span><span data-ccp-props=\"{}\"><br \/>\n<\/span><\/li>\n<\/ul>\n<ul style=\"text-align: justify;\">\n<li data-leveltext=\"\uf0b7\" data-font=\"Symbol\" data-listid=\"1\" data-list-defn-props=\"{\" aria-setsize=\"-1\" data-aria-posinset=\"3\" data-aria-level=\"1\"><b><span data-contrast=\"auto\">Kokouvi\u00a0Edem N\u2019TSOUKPOE <\/span><\/b><span data-contrast=\"auto\">(2iE) a fait part des d\u00e9fis rencontr\u00e9s au Burkina Faso en mati\u00e8re de r\u00e9frig\u00e9ration solaire et de l&rsquo; importance du renforcement des capacit\u00e9s locales. <a href=\"https:\/\/sophia4africa.eu\/wp-content\/uploads\/2024\/12\/Lien-vers-la-presentation-1.pdf\">Lien vers la pr\u00e9sentation<\/a><\/span><\/li>\n<\/ul>\n<ul style=\"text-align: justify;\">\n<li data-leveltext=\"\uf0b7\" data-font=\"Symbol\" data-listid=\"1\" data-list-defn-props=\"{\" aria-setsize=\"-1\" data-aria-posinset=\"4\" data-aria-level=\"1\"><b><span data-contrast=\"auto\">Ina Colombo <\/span><\/b><span data-contrast=\"auto\">(IIR) a pr\u00e9sent\u00e9 le projet AGRI-COOL, qui r\u00e9duit les d\u00e9chets alimentaires en Afrique gr\u00e2ce au refroidissement solaire. <a href=\"https:\/\/sophia4africa.eu\/wp-content\/uploads\/2024\/12\/4_ESEF-2024-Presentation-FR_Ina-Colombo-Agri-Cool-1.pptx\">Lien vers la pr\u00e9sentation<\/a><\/span><\/li>\n<\/ul>\n<ul style=\"text-align: justify;\">\n<li data-leveltext=\"\uf0b7\" data-font=\"Symbol\" data-listid=\"1\" data-list-defn-props=\"{\" aria-setsize=\"-1\" data-aria-posinset=\"5\" data-aria-level=\"1\"><b><span data-contrast=\"auto\">Abdoulaye GAYE <\/span><\/b><span data-contrast=\"auto\">(GIZ S\u00e9n\u00e9gal) a pr\u00e9sent\u00e9 le projet ROCA, qui promeut des solutions de refroidissement \u00e0 faible PRG en Afrique de l&rsquo;Ouest et du Centre. <a href=\"https:\/\/sophia4africa.eu\/wp-content\/uploads\/2024\/12\/5_ESEF-2024-Presentation-FR_Abdoulaye-Gaye.pdf\">Lien vers la pr\u00e9sentation<\/a><\/span><\/li>\n<\/ul>\n<ul style=\"text-align: justify;\">\n<li data-leveltext=\"\uf0b7\" data-font=\"Symbol\" data-listid=\"1\" data-list-defn-props=\"{\" aria-setsize=\"-1\" data-aria-posinset=\"6\" data-aria-level=\"1\"><b><span data-contrast=\"auto\">Hubert Zan <\/span><\/b><span data-contrast=\"auto\">(Commission de l&rsquo;\u00e9nergie du Ghana) a pr\u00e9sent\u00e9 le projet ECOFRIDGES, am\u00e9liorant l&rsquo; efficacit\u00e9 \u00e9nerg\u00e9tique et l&rsquo; accessibilit\u00e9 financi\u00e8re des appareils de refroidissement au Ghana.<\/span><span data-contrast=\"none\"> <a href=\"https:\/\/sophia4africa.eu\/wp-content\/uploads\/2024\/12\/6_ESEF_SophiA-Project_ECOFRIDGES_Ghana_Zan.pptx\">Lien vers la pr\u00e9sentation<\/a><\/span><\/li>\n<\/ul>\n<ul style=\"text-align: justify;\">\n<li data-leveltext=\"\uf0b7\" data-font=\"Symbol\" data-listid=\"1\" data-list-defn-props=\"{\" aria-setsize=\"-1\" data-aria-posinset=\"7\" data-aria-level=\"1\"><b><span data-contrast=\"auto\">Valorem Energie <\/span><\/b><span data-contrast=\"auto\">a pr\u00e9sent\u00e9 le syst\u00e8me Cryosolar, une solution mobile de r\u00e9frig\u00e9ration solaire. <\/span><\/li>\n<\/ul>\n<ul style=\"text-align: justify;\">\n<li data-leveltext=\"\uf0b7\" data-font=\"Symbol\" data-listid=\"1\" data-list-defn-props=\"{\" aria-setsize=\"-1\" data-aria-posinset=\"8\" data-aria-level=\"1\"><b><span data-contrast=\"auto\">M. Madi Sakande <\/span><\/b><span data-contrast=\"auto\">(U-3ARC) a abord\u00e9 les d\u00e9fis auxquels sont confront\u00e9s les techniciens du froid africains, en mettant l&rsquo;accent sur la coop\u00e9ration internationale et l&rsquo; int\u00e9gration de la dimension de genre.<\/span><span data-contrast=\"none\"> <a href=\"https:\/\/sophia4africa.eu\/wp-content\/uploads\/2024\/12\/8_ESEF-2024-Presentation-U-3ARC_MADI-SAKANDE.pptx\">Lien vers la pr\u00e9sentation<\/a><\/span><\/li>\n<\/ul>\n<ul style=\"text-align: justify;\">\n<li data-leveltext=\"\uf0b7\" data-font=\"Symbol\" data-listid=\"1\" data-list-defn-props=\"{\" aria-setsize=\"-1\" data-aria-posinset=\"9\" data-aria-level=\"1\"><b><span data-contrast=\"auto\">Le professeur Moussa Soro <\/span><\/b><span data-contrast=\"auto\">(2iE) a pr\u00e9sent\u00e9 les programmes innovants de g\u00e9nie \u00e9nerg\u00e9tique ax\u00e9s sur l&rsquo;esprit d&rsquo;entreprise et le leadership.<\/span><span data-contrast=\"none\"> <a href=\"https:\/\/sophia4africa.eu\/wp-content\/uploads\/2024\/12\/9_ESEF-2024-Presentation-FR_YMSoro_2iE.pptx\">Lien vers la pr\u00e9sentation<\/a><\/span><\/li>\n<\/ul>\n<ul style=\"text-align: justify;\">\n<li data-leveltext=\"\uf0b7\" data-font=\"Symbol\" data-listid=\"1\" data-list-defn-props=\"{\" aria-setsize=\"-1\" data-aria-posinset=\"10\" data-aria-level=\"1\"><b><span data-contrast=\"auto\">Ina Colombo <\/span><\/b><span data-contrast=\"auto\">a pr\u00e9sent\u00e9 un deuxi\u00e8me expos\u00e9 sur les femmes dans le secteur du refroidissement, plaidant en faveur de l&rsquo;\u00e9galit\u00e9 des sexes dans les secteurs RACHP.<\/span><span data-contrast=\"none\"> <a href=\"https:\/\/sophia4africa.eu\/wp-content\/uploads\/2024\/12\/10_INWIC-presentation-ESEF-2024-Presentation-FR_Ina-Colombo-2.pptx\">Lien vers la pr\u00e9sentation<\/a><\/span><\/li>\n<\/ul>\n<ul style=\"text-align: justify;\">\n<li data-leveltext=\"\uf0b7\" data-font=\"Symbol\" data-listid=\"1\" data-list-defn-props=\"{\" aria-setsize=\"-1\" data-aria-posinset=\"11\" data-aria-level=\"1\"><b><span data-contrast=\"auto\">Marco Duran <\/span><\/b><span data-contrast=\"auto\">(IIR) a discut\u00e9 des notes d&rsquo;information sur les r\u00e9frig\u00e9rants naturels en Afrique (<a href=\"https:\/\/sophia4africa.eu\/wp-content\/uploads\/2024\/12\/Lien-vers-la-presentation.pdf\">Lien vers la pr\u00e9sentation<\/a>) et l &lsquo; \u00e9laboration d&rsquo;un guide r\u00e9gional de la CEDEAO pour les plans d&rsquo;action nationaux en mati\u00e8re de refroidissement.<\/span> <a href=\"https:\/\/sophia4africa.eu\/wp-content\/uploads\/2024\/12\/ESEF-2024_Marco-Duran_NCAPS_EN_version-finale.pptx\">Lien vers la pr\u00e9sentation<\/a><\/li>\n<\/ul>\n<ul style=\"text-align: justify;\">\n<li data-leveltext=\"\uf0b7\" data-font=\"Symbol\" data-listid=\"1\" data-list-defn-props=\"{\" aria-setsize=\"-1\" data-aria-posinset=\"12\" data-aria-level=\"1\"><b><span data-contrast=\"auto\">Yao Bernard Koffi <\/span><\/b><span data-contrast=\"auto\">(CEDEAO) a conclu par une discussion sur l&rsquo;\u00e9tablissement d&rsquo; un march\u00e9 r\u00e9gional du carbone en Afrique de l&rsquo;Ouest.<\/span><span data-contrast=\"none\"> <a href=\"https:\/\/sophia4africa.eu\/wp-content\/uploads\/2024\/12\/13_Presentation_Initiative-Marche-Cabone-de-lAfrique-de-lOuest_Atelier-SOPHIA.pptx\">Lien vers la pr\u00e9sentation<\/a><\/span><\/li>\n<\/ul>\n<p style=\"text-align: justify;\"><span data-contrast=\"auto\">L&rsquo;atelier comprenait des s\u00e9ances de questions-r\u00e9ponses anim\u00e9es, des possibilit\u00e9s de mise en r\u00e9seau et des discussions sur les moyens de relever les d\u00e9fis en mati\u00e8re d&rsquo;\u00e9nergie et de refroidissement dans la r\u00e9gion.<\/span><\/p>\n<p style=\"text-align: justify;\"><span data-contrast=\"auto\">Le 29 novembre apr\u00e8s-midi, SophiA (partenaire de 2iE) a particip\u00e9 et anim\u00e9 une session de discussion sur <\/span><b><span data-contrast=\"auto\">la mod\u00e9lisation \u00e9nerg\u00e9tique et la planification pour le d\u00e9veloppement durable , mod\u00e9r\u00e9e par<\/span><\/b><span data-contrast=\"auto\">. La session a \u00e9galement pr\u00e9sent\u00e9 les projets fr\u00e8res <a href=\"https:\/\/energica-h2020.eu\/\"><b>Energica<\/b><\/a>, <a href=\"https:\/\/oneplanetproject.eu\/\"><b>OnePlanet<\/b><\/a> et <a href=\"https:\/\/agri-cool.eu\/\"><b>AGRI-COOL<\/b><\/a> repr\u00e9sent\u00e9s par ECREEE, <a href=\"https:\/\/www.nanoe.net\/en\/\">NANOE<\/a> et l&rsquo;IIF.\u00a0<\/span><\/p>\n<p style=\"text-align: justify;\"><img loading=\"lazy\" decoding=\"async\" class=\" wp-image-62757 aligncenter\" src=\"https:\/\/sophia4africa.eu\/wp-content\/uploads\/2024\/12\/PXL_20241129_154433859-e1733998183918.jpg\" alt=\"\" width=\"292\" height=\"360\" srcset=\"https:\/\/sophia4africa.eu\/wp-content\/uploads\/2024\/12\/PXL_20241129_154433859-e1733998183918.jpg 484w, https:\/\/sophia4africa.eu\/wp-content\/uploads\/2024\/12\/PXL_20241129_154433859-e1733998183918-243x300.jpg 243w\" sizes=\"auto, (max-width: 292px) 100vw, 292px\" \/><img loading=\"lazy\" decoding=\"async\" class=\"wp-image-62763 aligncenter\" src=\"https:\/\/sophia4africa.eu\/wp-content\/uploads\/2024\/12\/4-300x246.jpg\" alt=\"\" width=\"412\" height=\"338\" srcset=\"https:\/\/sophia4africa.eu\/wp-content\/uploads\/2024\/12\/4-300x246.jpg 300w, https:\/\/sophia4africa.eu\/wp-content\/uploads\/2024\/12\/4.jpg 349w\" sizes=\"auto, (max-width: 412px) 100vw, 412px\" \/><\/p>\n<p>&nbsp;<\/p>\n<p style=\"text-align: justify;\"><span style=\"color: #0063ab;\"><b>Reconnaissance \u00e0 l&rsquo;ESEF 2024<\/b> <\/span><\/p>\n<p style=\"text-align: justify;\">L&rsquo;IIR a re\u00e7u le prestigieux prix ECREEE pour sa contribution exceptionnelle au d\u00e9veloppement de l&rsquo;\u00e9nergie durable par le biais du projet SophiA, reconnaissant ainsi les efforts de l&rsquo;institut dans la promotion du refroidissement solaire et des technologies de l&rsquo;\u00e9nergie durable \u00e0 travers l&rsquo;Afrique. <span data-ccp-props=\"{\"> <img loading=\"lazy\" decoding=\"async\" class=\"size-medium wp-image-62760 alignright\" src=\"https:\/\/sophia4africa.eu\/wp-content\/uploads\/2024\/12\/Sans-titre-225x300.jpg\" alt=\"\" width=\"225\" height=\"300\" srcset=\"https:\/\/sophia4africa.eu\/wp-content\/uploads\/2024\/12\/Sans-titre-225x300.jpg 225w, https:\/\/sophia4africa.eu\/wp-content\/uploads\/2024\/12\/Sans-titre-768x1024.jpg 768w, https:\/\/sophia4africa.eu\/wp-content\/uploads\/2024\/12\/Sans-titre-300x400.jpg 300w, https:\/\/sophia4africa.eu\/wp-content\/uploads\/2024\/12\/Sans-titre.jpg 900w\" sizes=\"auto, (max-width: 225px) 100vw, 225px\" \/><\/span><\/p>\n<p style=\"text-align: justify;\"><span data-contrast=\"auto\">Les participations de l&rsquo;IIR et de SophiA \u00e0 l&rsquo;ESEF 2024 ont soulign\u00e9 l&rsquo;importance croissante des solutions de refroidissement durables et des technologies \u00e0 haut rendement \u00e9nerg\u00e9tique en Afrique de l&rsquo;Ouest. La diversit\u00e9 des projets et des innovations pr\u00e9sent\u00e9s a mis en \u00e9vidence le r\u00f4le central de la collaboration et de l&rsquo;\u00e9change de connaissances pour relever les d\u00e9fis \u00e9nerg\u00e9tiques de la r\u00e9gion. Dans la perspective de l&rsquo;ESEF 2025, la SophiA est enthousiaste \u00e0 l&rsquo;id\u00e9e de s&rsquo;appuyer sur ces r\u00e9alisations, d&rsquo;\u00e9largir les partenariats et de contribuer davantage \u00e0 une transition \u00e9nerg\u00e9tique juste et durable dans la r\u00e9gion. L&rsquo;avenir du refroidissement, de l&rsquo;\u00e9nergie propre et du d\u00e9veloppement durable en Afrique est prometteur, et nous sommes impatients de voir ce que le forum de l&rsquo;ann\u00e9e prochaine nous r\u00e9serve ! <\/span><\/p>\n<p style=\"text-align: justify;\"><span data-ccp-props=\"{\"><img loading=\"lazy\" decoding=\"async\" class=\"wp-image-62766 aligncenter\" src=\"https:\/\/sophia4africa.eu\/wp-content\/uploads\/2024\/12\/remise-du-prix-300x169.jpg\" alt=\"\" width=\"482\" height=\"272\" srcset=\"https:\/\/sophia4africa.eu\/wp-content\/uploads\/2024\/12\/remise-du-prix-300x169.jpg 300w, https:\/\/sophia4africa.eu\/wp-content\/uploads\/2024\/12\/remise-du-prix.jpg 605w\" sizes=\"auto, (max-width: 482px) 100vw, 482px\" \/> <\/span><\/p>\n<p style=\"text-align: justify;\">\n","protected":false},"excerpt":{"rendered":"<p>Pour la deuxi\u00e8me fois, l&rsquo;Institut international du froid (IIR) a particip\u00e9 au Forum de la CEDEAO sur l&rsquo;\u00e9nergie durable (ESEF), qui s&rsquo;est tenu cette ann\u00e9e les 28 et 29 novembre \u00e0 Abidjan, en C\u00f4te d&rsquo;Ivoire. La participation de l&rsquo;IIR a mis en \u00e9vidence les progr\u00e8s significatifs r\u00e9alis\u00e9s par ses projets dans la r\u00e9gion, en particulier&hellip;<\/p>\n","protected":false},"author":9,"featured_media":62752,"comment_status":"closed","ping_status":"closed","sticky":false,"template":"","format":"standard","meta":{"footnotes":""},"categories":[547],"tags":[956,1031,1033,1037,1039,1032,926,1034,1030,1029,1038,714,671,1036,924,880,1035],"class_list":["post-62814","post","type-post","status-publish","format-standard","has-post-thumbnail","hentry","category-news","tag-2ie-fr","tag-abidjan-fr","tag-agri-cool-fr","tag-cedeao","tag-commission-europeenne","tag-cote-divoire-fr","tag-cryosolar-fr","tag-ecofridges-fr","tag-ecreee-fr","tag-esef-fr","tag-giz-fr","tag-hka-fr","tag-iif","tag-inwic-fr","tag-roca-fr","tag-sophia-fr","tag-u-3arc-fr","category-547","description-off"],"yoast_head":"<!-- This site is optimized with the Yoast SEO plugin v27.3 - https:\/\/yoast.com\/product\/yoast-seo-wordpress\/ -->\n<title>SophiA remporte le prix ECREEE pour ses efforts dans le refroidissement et le chauffage solaire en Afrique - SophiA 4 Africa<\/title>\n<meta name=\"robots\" content=\"index, follow, max-snippet:-1, max-image-preview:large, max-video-preview:-1\" \/>\n<link rel=\"canonical\" href=\"https:\/\/sophia4africa.eu\/fr\/2024\/12\/12\/sophia-remporte-le-prix-ecreee-pour-ses-efforts-dans-le-refroidissement-et-le-chauffage-solaire-en-afrique\/\" \/>\n<meta property=\"og:locale\" content=\"fr_FR\" \/>\n<meta property=\"og:type\" content=\"article\" \/>\n<meta property=\"og:title\" content=\"SophiA remporte le prix ECREEE pour ses efforts dans le refroidissement et le chauffage solaire en Afrique - SophiA 4 Africa\" \/>\n<meta property=\"og:description\" content=\"Pour la deuxi\u00e8me fois, l&rsquo;Institut international du froid (IIR) a particip\u00e9 au Forum de la CEDEAO sur l&rsquo;\u00e9nergie durable (ESEF), qui s&rsquo;est tenu cette ann\u00e9e les 28 et 29 novembre \u00e0 Abidjan, en C\u00f4te d&rsquo;Ivoire. La participation de l&rsquo;IIR a mis en \u00e9vidence les progr\u00e8s significatifs r\u00e9alis\u00e9s par ses projets dans la r\u00e9gion, en particulier&hellip;\" \/>\n<meta property=\"og:url\" content=\"https:\/\/sophia4africa.eu\/fr\/2024\/12\/12\/sophia-remporte-le-prix-ecreee-pour-ses-efforts-dans-le-refroidissement-et-le-chauffage-solaire-en-afrique\/\" \/>\n<meta property=\"og:site_name\" content=\"SophiA 4 Africa\" \/>\n<meta property=\"article:publisher\" content=\"https:\/\/www.facebook.com\/sophiA4Africa\" \/>\n<meta property=\"article:published_time\" content=\"2024-12-12T14:11:01+00:00\" \/>\n<meta property=\"article:modified_time\" content=\"2025-01-03T16:13:49+00:00\" \/>\n<meta property=\"og:image\" content=\"https:\/\/sophia4africa.eu\/wp-content\/uploads\/2024\/12\/Image1.jpg\" \/>\n\t<meta property=\"og:image:width\" content=\"1200\" \/>\n\t<meta property=\"og:image:height\" content=\"900\" \/>\n\t<meta property=\"og:image:type\" content=\"image\/jpeg\" \/>\n<meta name=\"author\" content=\"Francisca Rodriguez\" \/>\n<meta name=\"twitter:card\" content=\"summary_large_image\" \/>\n<meta name=\"twitter:label1\" content=\"\u00c9crit par\" \/>\n\t<meta name=\"twitter:data1\" content=\"Francisca Rodriguez\" \/>\n\t<meta name=\"twitter:label2\" content=\"Dur\u00e9e de lecture estim\u00e9e\" \/>\n\t<meta name=\"twitter:data2\" content=\"6 minutes\" \/>\n<script type=\"application\/ld+json\" class=\"yoast-schema-graph\">{\"@context\":\"https:\\\/\\\/schema.org\",\"@graph\":[{\"@type\":\"Article\",\"@id\":\"https:\\\/\\\/sophia4africa.eu\\\/fr\\\/2024\\\/12\\\/12\\\/sophia-remporte-le-prix-ecreee-pour-ses-efforts-dans-le-refroidissement-et-le-chauffage-solaire-en-afrique\\\/#article\",\"isPartOf\":{\"@id\":\"https:\\\/\\\/sophia4africa.eu\\\/fr\\\/2024\\\/12\\\/12\\\/sophia-remporte-le-prix-ecreee-pour-ses-efforts-dans-le-refroidissement-et-le-chauffage-solaire-en-afrique\\\/\"},\"author\":{\"name\":\"Francisca Rodriguez\",\"@id\":\"https:\\\/\\\/sophia4africa.eu\\\/fr\\\/#\\\/schema\\\/person\\\/a3a4d8e7034b03731df67310240120bf\"},\"headline\":\"SophiA remporte le prix ECREEE pour ses efforts dans le refroidissement et le chauffage solaire en Afrique\",\"datePublished\":\"2024-12-12T14:11:01+00:00\",\"dateModified\":\"2025-01-03T16:13:49+00:00\",\"mainEntityOfPage\":{\"@id\":\"https:\\\/\\\/sophia4africa.eu\\\/fr\\\/2024\\\/12\\\/12\\\/sophia-remporte-le-prix-ecreee-pour-ses-efforts-dans-le-refroidissement-et-le-chauffage-solaire-en-afrique\\\/\"},\"wordCount\":1068,\"publisher\":{\"@id\":\"https:\\\/\\\/sophia4africa.eu\\\/fr\\\/#organization\"},\"image\":{\"@id\":\"https:\\\/\\\/sophia4africa.eu\\\/fr\\\/2024\\\/12\\\/12\\\/sophia-remporte-le-prix-ecreee-pour-ses-efforts-dans-le-refroidissement-et-le-chauffage-solaire-en-afrique\\\/#primaryimage\"},\"thumbnailUrl\":\"https:\\\/\\\/sophia4africa.eu\\\/wp-content\\\/uploads\\\/2024\\\/12\\\/Image1.jpg\",\"keywords\":[\"2iE\",\"Abidjan\",\"AGRI-COOL\",\"CEDEAO\",\"Commission europ\u00e9enne\",\"C\u00f4te d'Ivoire\",\"CRYOSOLAR\",\"ECOFRIDGES\",\"ECREEE\",\"ESEF\",\"GIZ\",\"HKA\",\"IIF\",\"INWIC\",\"ROCA\",\"SophiA\",\"U-3ARC\"],\"articleSection\":[\"News\"],\"inLanguage\":\"fr-FR\"},{\"@type\":\"WebPage\",\"@id\":\"https:\\\/\\\/sophia4africa.eu\\\/fr\\\/2024\\\/12\\\/12\\\/sophia-remporte-le-prix-ecreee-pour-ses-efforts-dans-le-refroidissement-et-le-chauffage-solaire-en-afrique\\\/\",\"url\":\"https:\\\/\\\/sophia4africa.eu\\\/fr\\\/2024\\\/12\\\/12\\\/sophia-remporte-le-prix-ecreee-pour-ses-efforts-dans-le-refroidissement-et-le-chauffage-solaire-en-afrique\\\/\",\"name\":\"SophiA remporte le prix ECREEE pour ses efforts dans le refroidissement et le chauffage solaire en Afrique - SophiA 4 Africa\",\"isPartOf\":{\"@id\":\"https:\\\/\\\/sophia4africa.eu\\\/fr\\\/#website\"},\"primaryImageOfPage\":{\"@id\":\"https:\\\/\\\/sophia4africa.eu\\\/fr\\\/2024\\\/12\\\/12\\\/sophia-remporte-le-prix-ecreee-pour-ses-efforts-dans-le-refroidissement-et-le-chauffage-solaire-en-afrique\\\/#primaryimage\"},\"image\":{\"@id\":\"https:\\\/\\\/sophia4africa.eu\\\/fr\\\/2024\\\/12\\\/12\\\/sophia-remporte-le-prix-ecreee-pour-ses-efforts-dans-le-refroidissement-et-le-chauffage-solaire-en-afrique\\\/#primaryimage\"},\"thumbnailUrl\":\"https:\\\/\\\/sophia4africa.eu\\\/wp-content\\\/uploads\\\/2024\\\/12\\\/Image1.jpg\",\"datePublished\":\"2024-12-12T14:11:01+00:00\",\"dateModified\":\"2025-01-03T16:13:49+00:00\",\"breadcrumb\":{\"@id\":\"https:\\\/\\\/sophia4africa.eu\\\/fr\\\/2024\\\/12\\\/12\\\/sophia-remporte-le-prix-ecreee-pour-ses-efforts-dans-le-refroidissement-et-le-chauffage-solaire-en-afrique\\\/#breadcrumb\"},\"inLanguage\":\"fr-FR\",\"potentialAction\":[{\"@type\":\"ReadAction\",\"target\":[\"https:\\\/\\\/sophia4africa.eu\\\/fr\\\/2024\\\/12\\\/12\\\/sophia-remporte-le-prix-ecreee-pour-ses-efforts-dans-le-refroidissement-et-le-chauffage-solaire-en-afrique\\\/\"]}]},{\"@type\":\"ImageObject\",\"inLanguage\":\"fr-FR\",\"@id\":\"https:\\\/\\\/sophia4africa.eu\\\/fr\\\/2024\\\/12\\\/12\\\/sophia-remporte-le-prix-ecreee-pour-ses-efforts-dans-le-refroidissement-et-le-chauffage-solaire-en-afrique\\\/#primaryimage\",\"url\":\"https:\\\/\\\/sophia4africa.eu\\\/wp-content\\\/uploads\\\/2024\\\/12\\\/Image1.jpg\",\"contentUrl\":\"https:\\\/\\\/sophia4africa.eu\\\/wp-content\\\/uploads\\\/2024\\\/12\\\/Image1.jpg\",\"width\":1200,\"height\":900},{\"@type\":\"BreadcrumbList\",\"@id\":\"https:\\\/\\\/sophia4africa.eu\\\/fr\\\/2024\\\/12\\\/12\\\/sophia-remporte-le-prix-ecreee-pour-ses-efforts-dans-le-refroidissement-et-le-chauffage-solaire-en-afrique\\\/#breadcrumb\",\"itemListElement\":[{\"@type\":\"ListItem\",\"position\":1,\"name\":\"Home\",\"item\":\"https:\\\/\\\/sophia4africa.eu\\\/fr\\\/accueil\\\/\"},{\"@type\":\"ListItem\",\"position\":2,\"name\":\"SophiA remporte le prix ECREEE pour ses efforts dans le refroidissement et le chauffage solaire en Afrique\"}]},{\"@type\":\"WebSite\",\"@id\":\"https:\\\/\\\/sophia4africa.eu\\\/fr\\\/#website\",\"url\":\"https:\\\/\\\/sophia4africa.eu\\\/fr\\\/\",\"name\":\"SophiA 4 Africa\",\"description\":\"\",\"publisher\":{\"@id\":\"https:\\\/\\\/sophia4africa.eu\\\/fr\\\/#organization\"},\"potentialAction\":[{\"@type\":\"SearchAction\",\"target\":{\"@type\":\"EntryPoint\",\"urlTemplate\":\"https:\\\/\\\/sophia4africa.eu\\\/fr\\\/?s={search_term_string}\"},\"query-input\":{\"@type\":\"PropertyValueSpecification\",\"valueRequired\":true,\"valueName\":\"search_term_string\"}}],\"inLanguage\":\"fr-FR\"},{\"@type\":\"Organization\",\"@id\":\"https:\\\/\\\/sophia4africa.eu\\\/fr\\\/#organization\",\"name\":\"SophiA4Africa\",\"url\":\"https:\\\/\\\/sophia4africa.eu\\\/fr\\\/\",\"logo\":{\"@type\":\"ImageObject\",\"inLanguage\":\"fr-FR\",\"@id\":\"https:\\\/\\\/sophia4africa.eu\\\/fr\\\/#\\\/schema\\\/logo\\\/image\\\/\",\"url\":\"https:\\\/\\\/sophia4africa.eu\\\/wp-content\\\/uploads\\\/2022\\\/03\\\/logo-sophia-329x114-1.png\",\"contentUrl\":\"https:\\\/\\\/sophia4africa.eu\\\/wp-content\\\/uploads\\\/2022\\\/03\\\/logo-sophia-329x114-1.png\",\"width\":329,\"height\":114,\"caption\":\"SophiA4Africa\"},\"image\":{\"@id\":\"https:\\\/\\\/sophia4africa.eu\\\/fr\\\/#\\\/schema\\\/logo\\\/image\\\/\"},\"sameAs\":[\"https:\\\/\\\/www.facebook.com\\\/sophiA4Africa\"]},{\"@type\":\"Person\",\"@id\":\"https:\\\/\\\/sophia4africa.eu\\\/fr\\\/#\\\/schema\\\/person\\\/a3a4d8e7034b03731df67310240120bf\",\"name\":\"Francisca Rodriguez\",\"image\":{\"@type\":\"ImageObject\",\"inLanguage\":\"fr-FR\",\"@id\":\"https:\\\/\\\/secure.gravatar.com\\\/avatar\\\/21d56a71d90d3d16d20c099817972a09ecb62c40ff6f2b34e476ed87e7927dbf?s=96&d=mm&r=g\",\"url\":\"https:\\\/\\\/secure.gravatar.com\\\/avatar\\\/21d56a71d90d3d16d20c099817972a09ecb62c40ff6f2b34e476ed87e7927dbf?s=96&d=mm&r=g\",\"contentUrl\":\"https:\\\/\\\/secure.gravatar.com\\\/avatar\\\/21d56a71d90d3d16d20c099817972a09ecb62c40ff6f2b34e476ed87e7927dbf?s=96&d=mm&r=g\",\"caption\":\"Francisca Rodriguez\"},\"url\":\"https:\\\/\\\/sophia4africa.eu\\\/fr\\\/author\\\/f-rodriguez\\\/\"}]}<\/script>\n<!-- \/ Yoast SEO plugin. -->","yoast_head_json":{"title":"SophiA remporte le prix ECREEE pour ses efforts dans le refroidissement et le chauffage solaire en Afrique - SophiA 4 Africa","robots":{"index":"index","follow":"follow","max-snippet":"max-snippet:-1","max-image-preview":"max-image-preview:large","max-video-preview":"max-video-preview:-1"},"canonical":"https:\/\/sophia4africa.eu\/fr\/2024\/12\/12\/sophia-remporte-le-prix-ecreee-pour-ses-efforts-dans-le-refroidissement-et-le-chauffage-solaire-en-afrique\/","og_locale":"fr_FR","og_type":"article","og_title":"SophiA remporte le prix ECREEE pour ses efforts dans le refroidissement et le chauffage solaire en Afrique - SophiA 4 Africa","og_description":"Pour la deuxi\u00e8me fois, l&rsquo;Institut international du froid (IIR) a particip\u00e9 au Forum de la CEDEAO sur l&rsquo;\u00e9nergie durable (ESEF), qui s&rsquo;est tenu cette ann\u00e9e les 28 et 29 novembre \u00e0 Abidjan, en C\u00f4te d&rsquo;Ivoire. La participation de l&rsquo;IIR a mis en \u00e9vidence les progr\u00e8s significatifs r\u00e9alis\u00e9s par ses projets dans la r\u00e9gion, en particulier&hellip;","og_url":"https:\/\/sophia4africa.eu\/fr\/2024\/12\/12\/sophia-remporte-le-prix-ecreee-pour-ses-efforts-dans-le-refroidissement-et-le-chauffage-solaire-en-afrique\/","og_site_name":"SophiA 4 Africa","article_publisher":"https:\/\/www.facebook.com\/sophiA4Africa","article_published_time":"2024-12-12T14:11:01+00:00","article_modified_time":"2025-01-03T16:13:49+00:00","og_image":[{"width":1200,"height":900,"url":"https:\/\/sophia4africa.eu\/wp-content\/uploads\/2024\/12\/Image1.jpg","type":"image\/jpeg"}],"author":"Francisca Rodriguez","twitter_card":"summary_large_image","twitter_misc":{"\u00c9crit par":"Francisca Rodriguez","Dur\u00e9e de lecture estim\u00e9e":"6 minutes"},"schema":{"@context":"https:\/\/schema.org","@graph":[{"@type":"Article","@id":"https:\/\/sophia4africa.eu\/fr\/2024\/12\/12\/sophia-remporte-le-prix-ecreee-pour-ses-efforts-dans-le-refroidissement-et-le-chauffage-solaire-en-afrique\/#article","isPartOf":{"@id":"https:\/\/sophia4africa.eu\/fr\/2024\/12\/12\/sophia-remporte-le-prix-ecreee-pour-ses-efforts-dans-le-refroidissement-et-le-chauffage-solaire-en-afrique\/"},"author":{"name":"Francisca Rodriguez","@id":"https:\/\/sophia4africa.eu\/fr\/#\/schema\/person\/a3a4d8e7034b03731df67310240120bf"},"headline":"SophiA remporte le prix ECREEE pour ses efforts dans le refroidissement et le chauffage solaire en Afrique","datePublished":"2024-12-12T14:11:01+00:00","dateModified":"2025-01-03T16:13:49+00:00","mainEntityOfPage":{"@id":"https:\/\/sophia4africa.eu\/fr\/2024\/12\/12\/sophia-remporte-le-prix-ecreee-pour-ses-efforts-dans-le-refroidissement-et-le-chauffage-solaire-en-afrique\/"},"wordCount":1068,"publisher":{"@id":"https:\/\/sophia4africa.eu\/fr\/#organization"},"image":{"@id":"https:\/\/sophia4africa.eu\/fr\/2024\/12\/12\/sophia-remporte-le-prix-ecreee-pour-ses-efforts-dans-le-refroidissement-et-le-chauffage-solaire-en-afrique\/#primaryimage"},"thumbnailUrl":"https:\/\/sophia4africa.eu\/wp-content\/uploads\/2024\/12\/Image1.jpg","keywords":["2iE","Abidjan","AGRI-COOL","CEDEAO","Commission europ\u00e9enne","C\u00f4te d'Ivoire","CRYOSOLAR","ECOFRIDGES","ECREEE","ESEF","GIZ","HKA","IIF","INWIC","ROCA","SophiA","U-3ARC"],"articleSection":["News"],"inLanguage":"fr-FR"},{"@type":"WebPage","@id":"https:\/\/sophia4africa.eu\/fr\/2024\/12\/12\/sophia-remporte-le-prix-ecreee-pour-ses-efforts-dans-le-refroidissement-et-le-chauffage-solaire-en-afrique\/","url":"https:\/\/sophia4africa.eu\/fr\/2024\/12\/12\/sophia-remporte-le-prix-ecreee-pour-ses-efforts-dans-le-refroidissement-et-le-chauffage-solaire-en-afrique\/","name":"SophiA remporte le prix ECREEE pour ses efforts dans le refroidissement et le chauffage solaire en Afrique - SophiA 4 Africa","isPartOf":{"@id":"https:\/\/sophia4africa.eu\/fr\/#website"},"primaryImageOfPage":{"@id":"https:\/\/sophia4africa.eu\/fr\/2024\/12\/12\/sophia-remporte-le-prix-ecreee-pour-ses-efforts-dans-le-refroidissement-et-le-chauffage-solaire-en-afrique\/#primaryimage"},"image":{"@id":"https:\/\/sophia4africa.eu\/fr\/2024\/12\/12\/sophia-remporte-le-prix-ecreee-pour-ses-efforts-dans-le-refroidissement-et-le-chauffage-solaire-en-afrique\/#primaryimage"},"thumbnailUrl":"https:\/\/sophia4africa.eu\/wp-content\/uploads\/2024\/12\/Image1.jpg","datePublished":"2024-12-12T14:11:01+00:00","dateModified":"2025-01-03T16:13:49+00:00","breadcrumb":{"@id":"https:\/\/sophia4africa.eu\/fr\/2024\/12\/12\/sophia-remporte-le-prix-ecreee-pour-ses-efforts-dans-le-refroidissement-et-le-chauffage-solaire-en-afrique\/#breadcrumb"},"inLanguage":"fr-FR","potentialAction":[{"@type":"ReadAction","target":["https:\/\/sophia4africa.eu\/fr\/2024\/12\/12\/sophia-remporte-le-prix-ecreee-pour-ses-efforts-dans-le-refroidissement-et-le-chauffage-solaire-en-afrique\/"]}]},{"@type":"ImageObject","inLanguage":"fr-FR","@id":"https:\/\/sophia4africa.eu\/fr\/2024\/12\/12\/sophia-remporte-le-prix-ecreee-pour-ses-efforts-dans-le-refroidissement-et-le-chauffage-solaire-en-afrique\/#primaryimage","url":"https:\/\/sophia4africa.eu\/wp-content\/uploads\/2024\/12\/Image1.jpg","contentUrl":"https:\/\/sophia4africa.eu\/wp-content\/uploads\/2024\/12\/Image1.jpg","width":1200,"height":900},{"@type":"BreadcrumbList","@id":"https:\/\/sophia4africa.eu\/fr\/2024\/12\/12\/sophia-remporte-le-prix-ecreee-pour-ses-efforts-dans-le-refroidissement-et-le-chauffage-solaire-en-afrique\/#breadcrumb","itemListElement":[{"@type":"ListItem","position":1,"name":"Home","item":"https:\/\/sophia4africa.eu\/fr\/accueil\/"},{"@type":"ListItem","position":2,"name":"SophiA remporte le prix ECREEE pour ses efforts dans le refroidissement et le chauffage solaire en Afrique"}]},{"@type":"WebSite","@id":"https:\/\/sophia4africa.eu\/fr\/#website","url":"https:\/\/sophia4africa.eu\/fr\/","name":"SophiA 4 Africa","description":"","publisher":{"@id":"https:\/\/sophia4africa.eu\/fr\/#organization"},"potentialAction":[{"@type":"SearchAction","target":{"@type":"EntryPoint","urlTemplate":"https:\/\/sophia4africa.eu\/fr\/?s={search_term_string}"},"query-input":{"@type":"PropertyValueSpecification","valueRequired":true,"valueName":"search_term_string"}}],"inLanguage":"fr-FR"},{"@type":"Organization","@id":"https:\/\/sophia4africa.eu\/fr\/#organization","name":"SophiA4Africa","url":"https:\/\/sophia4africa.eu\/fr\/","logo":{"@type":"ImageObject","inLanguage":"fr-FR","@id":"https:\/\/sophia4africa.eu\/fr\/#\/schema\/logo\/image\/","url":"https:\/\/sophia4africa.eu\/wp-content\/uploads\/2022\/03\/logo-sophia-329x114-1.png","contentUrl":"https:\/\/sophia4africa.eu\/wp-content\/uploads\/2022\/03\/logo-sophia-329x114-1.png","width":329,"height":114,"caption":"SophiA4Africa"},"image":{"@id":"https:\/\/sophia4africa.eu\/fr\/#\/schema\/logo\/image\/"},"sameAs":["https:\/\/www.facebook.com\/sophiA4Africa"]},{"@type":"Person","@id":"https:\/\/sophia4africa.eu\/fr\/#\/schema\/person\/a3a4d8e7034b03731df67310240120bf","name":"Francisca Rodriguez","image":{"@type":"ImageObject","inLanguage":"fr-FR","@id":"https:\/\/secure.gravatar.com\/avatar\/21d56a71d90d3d16d20c099817972a09ecb62c40ff6f2b34e476ed87e7927dbf?s=96&d=mm&r=g","url":"https:\/\/secure.gravatar.com\/avatar\/21d56a71d90d3d16d20c099817972a09ecb62c40ff6f2b34e476ed87e7927dbf?s=96&d=mm&r=g","contentUrl":"https:\/\/secure.gravatar.com\/avatar\/21d56a71d90d3d16d20c099817972a09ecb62c40ff6f2b34e476ed87e7927dbf?s=96&d=mm&r=g","caption":"Francisca Rodriguez"},"url":"https:\/\/sophia4africa.eu\/fr\/author\/f-rodriguez\/"}]}},"_links":{"self":[{"href":"https:\/\/sophia4africa.eu\/fr\/wp-json\/wp\/v2\/posts\/62814","targetHints":{"allow":["GET"]}}],"collection":[{"href":"https:\/\/sophia4africa.eu\/fr\/wp-json\/wp\/v2\/posts"}],"about":[{"href":"https:\/\/sophia4africa.eu\/fr\/wp-json\/wp\/v2\/types\/post"}],"author":[{"embeddable":true,"href":"https:\/\/sophia4africa.eu\/fr\/wp-json\/wp\/v2\/users\/9"}],"replies":[{"embeddable":true,"href":"https:\/\/sophia4africa.eu\/fr\/wp-json\/wp\/v2\/comments?post=62814"}],"version-history":[{"count":2,"href":"https:\/\/sophia4africa.eu\/fr\/wp-json\/wp\/v2\/posts\/62814\/revisions"}],"predecessor-version":[{"id":62846,"href":"https:\/\/sophia4africa.eu\/fr\/wp-json\/wp\/v2\/posts\/62814\/revisions\/62846"}],"wp:featuredmedia":[{"embeddable":true,"href":"https:\/\/sophia4africa.eu\/fr\/wp-json\/wp\/v2\/media\/62752"}],"wp:attachment":[{"href":"https:\/\/sophia4africa.eu\/fr\/wp-json\/wp\/v2\/media?parent=62814"}],"wp:term":[{"taxonomy":"category","embeddable":true,"href":"https:\/\/sophia4africa.eu\/fr\/wp-json\/wp\/v2\/categories?post=62814"},{"taxonomy":"post_tag","embeddable":true,"href":"https:\/\/sophia4africa.eu\/fr\/wp-json\/wp\/v2\/tags?post=62814"}],"curies":[{"name":"wp","href":"https:\/\/api.w.org\/{rel}","templated":true}]}}