{"id":62415,"date":"2024-07-11T17:23:01","date_gmt":"2024-07-11T15:23:01","guid":{"rendered":"https:\/\/sophia4africa.eu\/?p=62415"},"modified":"2024-08-05T15:26:17","modified_gmt":"2024-08-05T13:26:17","slug":"sophia-au-chillventa-2024-une-rencontre-de-premier-plan-pour-les-professionnels-de-la-refrigeration","status":"publish","type":"post","link":"https:\/\/sophia4africa.eu\/fr\/2024\/07\/11\/sophia-au-chillventa-2024-une-rencontre-de-premier-plan-pour-les-professionnels-de-la-refrigeration\/","title":{"rendered":"SophiA au Chillventa 2024 &#8211; Une rencontre de premier plan pour les professionnels de la r\u00e9frig\u00e9ration"},"content":{"rendered":"<div class=\"wpb-content-wrapper\"><p>[vc_row][vc_column][vc_column_text]Nous sommes ravis d &lsquo;annoncer que SophiA sera en vedette au Chillventa 2024, le plus grand salon mondial des technologies de la r\u00e9frig\u00e9ration. Du 8 au 10 octobre 2024, rejoignez-nous pour vivre cet \u00e9v\u00e9nement remarquable en direct et en personne. Il s &lsquo;agit d&rsquo;une occasion unique d&rsquo; \u00e9changer des id\u00e9es avec des professionnels et des experts internationaux dans ce domaine.   &nbsp; Le Chillventa 2024 accueillera des exposants renomm\u00e9s et internationaux qui pr\u00e9senteront les derni\u00e8res innovations et tendances. C&rsquo;est l&rsquo;occasion id\u00e9ale de nouer des contacts avec votre communaut\u00e9 et de vous tenir au courant des avanc\u00e9es dans le domaine de la r\u00e9frig\u00e9ration, de la climatisation, de la ventilation et des pompes \u00e0 chaleur, de la climatisation, de la ventilation et des pompes \u00e0 chaleur.  &nbsp; The event includes a high-quality supporting programme and the Chillventa CONGRESS, which is held the day before the trade fair and offers a comprehensive overview of the industry. This focus and specialisation make Chillventa a standout event in the international arena. &nbsp; Additionally, Chillventa Connecting Experts will bring together specialists from around the globe, establishing Chillventa as a hub for international networking. &nbsp; Secure your ticket now on the official Chillventa website: <a href=\"https:\/\/www.chillventa.de\/en\">https:\/\/www.chillventa.de\/en<\/a>&nbsp; Stay tuned for more updates and join us for what promises to be an enlightening and inspiring event![\/vc_column_text][\/vc_column][\/vc_row][vc_row][vc_column][vc_empty_space]<style type=\"text\/css\" data-type=\"the7_shortcodes-inline-css\">.shortcode-single-image-wrap.shortcode-single-image-f5896797005e63b1e5cf88cf75c1af6e.enable-bg-rollover .rollover i,\n.shortcode-single-image-wrap.shortcode-single-image-f5896797005e63b1e5cf88cf75c1af6e.enable-bg-rollover .rollover-video i {\n  background: -webkit-linear-gradient();\n  background: linear-gradient();\n}\n.shortcode-single-image-wrap.shortcode-single-image-f5896797005e63b1e5cf88cf75c1af6e .rollover-icon {\n  font-size: 32px;\n  color: #ffffff;\n  min-width: 44px;\n  min-height: 44px;\n  line-height: 44px;\n  border-radius: 100px;\n  border-style: solid;\n  border-width: 0px;\n}\n.dt-icon-bg-on.shortcode-single-image-wrap.shortcode-single-image-f5896797005e63b1e5cf88cf75c1af6e .rollover-icon {\n  background: rgba(255,255,255,0.3);\n  box-shadow: none;\n}<\/style><div class=\"shortcode-single-image-wrap shortcode-single-image-f5896797005e63b1e5cf88cf75c1af6e alignnone  enable-bg-rollover dt-icon-bg-off\" style=\"margin-top:0px; margin-bottom:0px; margin-left:0px; margin-right:0px; width:500px;\" data-pretty-share=\"facebook,twitter,pinterest,linkedin\"><div class=\"shortcode-single-image\"><div class=\"fancy-media-wrap  layzr-bg\" style=\"\"><img fetchpriority=\"high\" decoding=\"async\" class=\"preload-me lazy-load aspect\" src=\"data:image\/svg+xml,%3Csvg%20xmlns%3D&#39;http%3A%2F%2Fwww.w3.org%2F2000%2Fsvg&#39;%20viewBox%3D&#39;0%200%20500%20395&#39;%2F%3E\" data-src=\"https:\/\/sophia4africa.eu\/wp-content\/uploads\/2024\/07\/c151-500x395.png\" data-srcset=\"https:\/\/sophia4africa.eu\/wp-content\/uploads\/2024\/07\/c151-500x395.png 500w, https:\/\/sophia4africa.eu\/wp-content\/uploads\/2024\/07\/c151-1000x790.png 1000w\" loading=\"eager\" sizes=\"(max-width: 500px) 100vw, 500px\" width=\"500\" height=\"395\"  data-dt-location=\"https:\/\/sophia4africa.eu\/fr\/?attachment_id=62416\" style=\"--ratio: 500 \/ 395;\" alt=\"\" \/><\/div><\/div><\/div>[\/vc_column][\/vc_row][vc_row][vc_column][\/vc_column][\/vc_row]<\/p>\n<\/div>","protected":false},"excerpt":{"rendered":"<p>[vc_row][vc_column][vc_column_text]Nous sommes ravis d &lsquo;annoncer que SophiA sera en vedette au Chillventa 2024, le plus grand salon mondial des technologies de la r\u00e9frig\u00e9ration. Du 8 au 10 octobre 2024, rejoignez-nous pour vivre cet \u00e9v\u00e9nement remarquable en direct et en personne. Il s &lsquo;agit d&rsquo;une occasion unique d&rsquo; \u00e9changer des id\u00e9es avec des professionnels et des&hellip;<\/p>\n","protected":false},"author":7,"featured_media":62417,"comment_status":"closed","ping_status":"closed","sticky":false,"template":"","format":"standard","meta":{"footnotes":""},"categories":[547],"tags":[],"class_list":["post-62415","post","type-post","status-publish","format-standard","has-post-thumbnail","hentry","category-news","category-547","description-off"],"yoast_head":"<!-- This site is optimized with the Yoast SEO plugin v27.3 - https:\/\/yoast.com\/product\/yoast-seo-wordpress\/ -->\n<title>SophiA au Chillventa 2024 - Une rencontre de premier plan pour les professionnels de la r\u00e9frig\u00e9ration - SophiA 4 Africa<\/title>\n<meta name=\"description\" content=\"Du 24 au 28 juin 2024, l&#039;Institut 2iE a organis\u00e9 un \u00e9v\u00e9nement de renforcement des capacit\u00e9s pour les techniciens et ing\u00e9nieurs locaux \u00e0 Kombissir et L\u00e9o, au Burkina Faso.Rejoignez-nous du 8 au 10 octobre 2024 pour vivre cet \u00e9v\u00e9nement remarquable en direct et en personne. C &#039;est une occasion unique d&#039; \u00e9changer des id\u00e9es avec des professionnels du secteur et des experts internationaux.\" \/>\n<meta name=\"robots\" content=\"index, follow, max-snippet:-1, max-image-preview:large, max-video-preview:-1\" \/>\n<link rel=\"canonical\" href=\"https:\/\/sophia4africa.eu\/fr\/2024\/07\/11\/sophia-au-chillventa-2024-une-rencontre-de-premier-plan-pour-les-professionnels-de-la-refrigeration\/\" \/>\n<meta property=\"og:locale\" content=\"fr_FR\" \/>\n<meta property=\"og:type\" content=\"article\" \/>\n<meta property=\"og:title\" content=\"SophiA au Chillventa 2024 - Une rencontre de premier plan pour les professionnels de la r\u00e9frig\u00e9ration - SophiA 4 Africa\" \/>\n<meta property=\"og:description\" content=\"Du 24 au 28 juin 2024, l&#039;Institut 2iE a organis\u00e9 un \u00e9v\u00e9nement de renforcement des capacit\u00e9s pour les techniciens et ing\u00e9nieurs locaux \u00e0 Kombissir et L\u00e9o, au Burkina Faso.Rejoignez-nous du 8 au 10 octobre 2024 pour vivre cet \u00e9v\u00e9nement remarquable en direct et en personne. C &#039;est une occasion unique d&#039; \u00e9changer des id\u00e9es avec des professionnels du secteur et des experts internationaux.\" \/>\n<meta property=\"og:url\" content=\"https:\/\/sophia4africa.eu\/fr\/2024\/07\/11\/sophia-au-chillventa-2024-une-rencontre-de-premier-plan-pour-les-professionnels-de-la-refrigeration\/\" \/>\n<meta property=\"og:site_name\" content=\"SophiA 4 Africa\" \/>\n<meta property=\"article:publisher\" content=\"https:\/\/www.facebook.com\/sophiA4Africa\" \/>\n<meta property=\"article:published_time\" content=\"2024-07-11T15:23:01+00:00\" \/>\n<meta property=\"article:modified_time\" content=\"2024-08-05T13:26:17+00:00\" \/>\n<meta property=\"og:image\" content=\"https:\/\/sophia4africa.eu\/wp-content\/uploads\/2024\/07\/c151.png\" \/>\n\t<meta property=\"og:image:width\" content=\"1200\" \/>\n\t<meta property=\"og:image:height\" content=\"950\" \/>\n\t<meta property=\"og:image:type\" content=\"image\/png\" \/>\n<meta name=\"author\" content=\"gerard.billong\" \/>\n<meta name=\"twitter:card\" content=\"summary_large_image\" \/>\n<meta name=\"twitter:label1\" content=\"\u00c9crit par\" \/>\n\t<meta name=\"twitter:data1\" content=\"gerard.billong\" \/>\n\t<meta name=\"twitter:label2\" content=\"Dur\u00e9e de lecture estim\u00e9e\" \/>\n\t<meta name=\"twitter:data2\" content=\"1 minute\" \/>\n<script type=\"application\/ld+json\" class=\"yoast-schema-graph\">{\"@context\":\"https:\\\/\\\/schema.org\",\"@graph\":[{\"@type\":\"Article\",\"@id\":\"https:\\\/\\\/sophia4africa.eu\\\/fr\\\/2024\\\/07\\\/11\\\/sophia-au-chillventa-2024-une-rencontre-de-premier-plan-pour-les-professionnels-de-la-refrigeration\\\/#article\",\"isPartOf\":{\"@id\":\"https:\\\/\\\/sophia4africa.eu\\\/fr\\\/2024\\\/07\\\/11\\\/sophia-au-chillventa-2024-une-rencontre-de-premier-plan-pour-les-professionnels-de-la-refrigeration\\\/\"},\"author\":{\"name\":\"gerard.billong\",\"@id\":\"https:\\\/\\\/sophia4africa.eu\\\/fr\\\/#\\\/schema\\\/person\\\/3f0e6b8969b24c5976b6605c0520d91d\"},\"headline\":\"SophiA au Chillventa 2024 &#8211; Une rencontre de premier plan pour les professionnels de la r\u00e9frig\u00e9ration\",\"datePublished\":\"2024-07-11T15:23:01+00:00\",\"dateModified\":\"2024-08-05T13:26:17+00:00\",\"mainEntityOfPage\":{\"@id\":\"https:\\\/\\\/sophia4africa.eu\\\/fr\\\/2024\\\/07\\\/11\\\/sophia-au-chillventa-2024-une-rencontre-de-premier-plan-pour-les-professionnels-de-la-refrigeration\\\/\"},\"wordCount\":282,\"publisher\":{\"@id\":\"https:\\\/\\\/sophia4africa.eu\\\/fr\\\/#organization\"},\"image\":{\"@id\":\"https:\\\/\\\/sophia4africa.eu\\\/fr\\\/2024\\\/07\\\/11\\\/sophia-au-chillventa-2024-une-rencontre-de-premier-plan-pour-les-professionnels-de-la-refrigeration\\\/#primaryimage\"},\"thumbnailUrl\":\"https:\\\/\\\/sophia4africa.eu\\\/wp-content\\\/uploads\\\/2024\\\/07\\\/c151.png\",\"articleSection\":[\"News\"],\"inLanguage\":\"fr-FR\"},{\"@type\":\"WebPage\",\"@id\":\"https:\\\/\\\/sophia4africa.eu\\\/fr\\\/2024\\\/07\\\/11\\\/sophia-au-chillventa-2024-une-rencontre-de-premier-plan-pour-les-professionnels-de-la-refrigeration\\\/\",\"url\":\"https:\\\/\\\/sophia4africa.eu\\\/fr\\\/2024\\\/07\\\/11\\\/sophia-au-chillventa-2024-une-rencontre-de-premier-plan-pour-les-professionnels-de-la-refrigeration\\\/\",\"name\":\"SophiA au Chillventa 2024 - Une rencontre de premier plan pour les professionnels de la r\u00e9frig\u00e9ration - SophiA 4 Africa\",\"isPartOf\":{\"@id\":\"https:\\\/\\\/sophia4africa.eu\\\/fr\\\/#website\"},\"primaryImageOfPage\":{\"@id\":\"https:\\\/\\\/sophia4africa.eu\\\/fr\\\/2024\\\/07\\\/11\\\/sophia-au-chillventa-2024-une-rencontre-de-premier-plan-pour-les-professionnels-de-la-refrigeration\\\/#primaryimage\"},\"image\":{\"@id\":\"https:\\\/\\\/sophia4africa.eu\\\/fr\\\/2024\\\/07\\\/11\\\/sophia-au-chillventa-2024-une-rencontre-de-premier-plan-pour-les-professionnels-de-la-refrigeration\\\/#primaryimage\"},\"thumbnailUrl\":\"https:\\\/\\\/sophia4africa.eu\\\/wp-content\\\/uploads\\\/2024\\\/07\\\/c151.png\",\"datePublished\":\"2024-07-11T15:23:01+00:00\",\"dateModified\":\"2024-08-05T13:26:17+00:00\",\"description\":\"Du 24 au 28 juin 2024, l'Institut 2iE a organis\u00e9 un \u00e9v\u00e9nement de renforcement des capacit\u00e9s pour les techniciens et ing\u00e9nieurs locaux \u00e0 Kombissir et L\u00e9o, au Burkina Faso.Rejoignez-nous du 8 au 10 octobre 2024 pour vivre cet \u00e9v\u00e9nement remarquable en direct et en personne. C 'est une occasion unique d' \u00e9changer des id\u00e9es avec des professionnels du secteur et des experts internationaux.\",\"breadcrumb\":{\"@id\":\"https:\\\/\\\/sophia4africa.eu\\\/fr\\\/2024\\\/07\\\/11\\\/sophia-au-chillventa-2024-une-rencontre-de-premier-plan-pour-les-professionnels-de-la-refrigeration\\\/#breadcrumb\"},\"inLanguage\":\"fr-FR\",\"potentialAction\":[{\"@type\":\"ReadAction\",\"target\":[\"https:\\\/\\\/sophia4africa.eu\\\/fr\\\/2024\\\/07\\\/11\\\/sophia-au-chillventa-2024-une-rencontre-de-premier-plan-pour-les-professionnels-de-la-refrigeration\\\/\"]}]},{\"@type\":\"ImageObject\",\"inLanguage\":\"fr-FR\",\"@id\":\"https:\\\/\\\/sophia4africa.eu\\\/fr\\\/2024\\\/07\\\/11\\\/sophia-au-chillventa-2024-une-rencontre-de-premier-plan-pour-les-professionnels-de-la-refrigeration\\\/#primaryimage\",\"url\":\"https:\\\/\\\/sophia4africa.eu\\\/wp-content\\\/uploads\\\/2024\\\/07\\\/c151.png\",\"contentUrl\":\"https:\\\/\\\/sophia4africa.eu\\\/wp-content\\\/uploads\\\/2024\\\/07\\\/c151.png\",\"width\":1200,\"height\":950},{\"@type\":\"BreadcrumbList\",\"@id\":\"https:\\\/\\\/sophia4africa.eu\\\/fr\\\/2024\\\/07\\\/11\\\/sophia-au-chillventa-2024-une-rencontre-de-premier-plan-pour-les-professionnels-de-la-refrigeration\\\/#breadcrumb\",\"itemListElement\":[{\"@type\":\"ListItem\",\"position\":1,\"name\":\"Home\",\"item\":\"https:\\\/\\\/sophia4africa.eu\\\/fr\\\/accueil\\\/\"},{\"@type\":\"ListItem\",\"position\":2,\"name\":\"SophiA au Chillventa 2024 &#8211; Une rencontre de premier plan pour les professionnels de la r\u00e9frig\u00e9ration\"}]},{\"@type\":\"WebSite\",\"@id\":\"https:\\\/\\\/sophia4africa.eu\\\/fr\\\/#website\",\"url\":\"https:\\\/\\\/sophia4africa.eu\\\/fr\\\/\",\"name\":\"SophiA 4 Africa\",\"description\":\"\",\"publisher\":{\"@id\":\"https:\\\/\\\/sophia4africa.eu\\\/fr\\\/#organization\"},\"potentialAction\":[{\"@type\":\"SearchAction\",\"target\":{\"@type\":\"EntryPoint\",\"urlTemplate\":\"https:\\\/\\\/sophia4africa.eu\\\/fr\\\/?s={search_term_string}\"},\"query-input\":{\"@type\":\"PropertyValueSpecification\",\"valueRequired\":true,\"valueName\":\"search_term_string\"}}],\"inLanguage\":\"fr-FR\"},{\"@type\":\"Organization\",\"@id\":\"https:\\\/\\\/sophia4africa.eu\\\/fr\\\/#organization\",\"name\":\"SophiA4Africa\",\"url\":\"https:\\\/\\\/sophia4africa.eu\\\/fr\\\/\",\"logo\":{\"@type\":\"ImageObject\",\"inLanguage\":\"fr-FR\",\"@id\":\"https:\\\/\\\/sophia4africa.eu\\\/fr\\\/#\\\/schema\\\/logo\\\/image\\\/\",\"url\":\"https:\\\/\\\/sophia4africa.eu\\\/wp-content\\\/uploads\\\/2022\\\/03\\\/logo-sophia-329x114-1.png\",\"contentUrl\":\"https:\\\/\\\/sophia4africa.eu\\\/wp-content\\\/uploads\\\/2022\\\/03\\\/logo-sophia-329x114-1.png\",\"width\":329,\"height\":114,\"caption\":\"SophiA4Africa\"},\"image\":{\"@id\":\"https:\\\/\\\/sophia4africa.eu\\\/fr\\\/#\\\/schema\\\/logo\\\/image\\\/\"},\"sameAs\":[\"https:\\\/\\\/www.facebook.com\\\/sophiA4Africa\"]},{\"@type\":\"Person\",\"@id\":\"https:\\\/\\\/sophia4africa.eu\\\/fr\\\/#\\\/schema\\\/person\\\/3f0e6b8969b24c5976b6605c0520d91d\",\"name\":\"gerard.billong\",\"image\":{\"@type\":\"ImageObject\",\"inLanguage\":\"fr-FR\",\"@id\":\"https:\\\/\\\/secure.gravatar.com\\\/avatar\\\/6575a85dc60d76d05c2b23bdf5c34e7c762da400145ec14fa6d495d2d1870f47?s=96&d=mm&r=g\",\"url\":\"https:\\\/\\\/secure.gravatar.com\\\/avatar\\\/6575a85dc60d76d05c2b23bdf5c34e7c762da400145ec14fa6d495d2d1870f47?s=96&d=mm&r=g\",\"contentUrl\":\"https:\\\/\\\/secure.gravatar.com\\\/avatar\\\/6575a85dc60d76d05c2b23bdf5c34e7c762da400145ec14fa6d495d2d1870f47?s=96&d=mm&r=g\",\"caption\":\"gerard.billong\"},\"url\":\"https:\\\/\\\/sophia4africa.eu\\\/fr\\\/author\\\/gerard-billong\\\/\"}]}<\/script>\n<!-- \/ Yoast SEO plugin. -->","yoast_head_json":{"title":"SophiA au Chillventa 2024 - Une rencontre de premier plan pour les professionnels de la r\u00e9frig\u00e9ration - SophiA 4 Africa","description":"Du 24 au 28 juin 2024, l'Institut 2iE a organis\u00e9 un \u00e9v\u00e9nement de renforcement des capacit\u00e9s pour les techniciens et ing\u00e9nieurs locaux \u00e0 Kombissir et L\u00e9o, au Burkina Faso.Rejoignez-nous du 8 au 10 octobre 2024 pour vivre cet \u00e9v\u00e9nement remarquable en direct et en personne. C 'est une occasion unique d' \u00e9changer des id\u00e9es avec des professionnels du secteur et des experts internationaux.","robots":{"index":"index","follow":"follow","max-snippet":"max-snippet:-1","max-image-preview":"max-image-preview:large","max-video-preview":"max-video-preview:-1"},"canonical":"https:\/\/sophia4africa.eu\/fr\/2024\/07\/11\/sophia-au-chillventa-2024-une-rencontre-de-premier-plan-pour-les-professionnels-de-la-refrigeration\/","og_locale":"fr_FR","og_type":"article","og_title":"SophiA au Chillventa 2024 - Une rencontre de premier plan pour les professionnels de la r\u00e9frig\u00e9ration - SophiA 4 Africa","og_description":"Du 24 au 28 juin 2024, l'Institut 2iE a organis\u00e9 un \u00e9v\u00e9nement de renforcement des capacit\u00e9s pour les techniciens et ing\u00e9nieurs locaux \u00e0 Kombissir et L\u00e9o, au Burkina Faso.Rejoignez-nous du 8 au 10 octobre 2024 pour vivre cet \u00e9v\u00e9nement remarquable en direct et en personne. C 'est une occasion unique d' \u00e9changer des id\u00e9es avec des professionnels du secteur et des experts internationaux.","og_url":"https:\/\/sophia4africa.eu\/fr\/2024\/07\/11\/sophia-au-chillventa-2024-une-rencontre-de-premier-plan-pour-les-professionnels-de-la-refrigeration\/","og_site_name":"SophiA 4 Africa","article_publisher":"https:\/\/www.facebook.com\/sophiA4Africa","article_published_time":"2024-07-11T15:23:01+00:00","article_modified_time":"2024-08-05T13:26:17+00:00","og_image":[{"width":1200,"height":950,"url":"https:\/\/sophia4africa.eu\/wp-content\/uploads\/2024\/07\/c151.png","type":"image\/png"}],"author":"gerard.billong","twitter_card":"summary_large_image","twitter_misc":{"\u00c9crit par":"gerard.billong","Dur\u00e9e de lecture estim\u00e9e":"1 minute"},"schema":{"@context":"https:\/\/schema.org","@graph":[{"@type":"Article","@id":"https:\/\/sophia4africa.eu\/fr\/2024\/07\/11\/sophia-au-chillventa-2024-une-rencontre-de-premier-plan-pour-les-professionnels-de-la-refrigeration\/#article","isPartOf":{"@id":"https:\/\/sophia4africa.eu\/fr\/2024\/07\/11\/sophia-au-chillventa-2024-une-rencontre-de-premier-plan-pour-les-professionnels-de-la-refrigeration\/"},"author":{"name":"gerard.billong","@id":"https:\/\/sophia4africa.eu\/fr\/#\/schema\/person\/3f0e6b8969b24c5976b6605c0520d91d"},"headline":"SophiA au Chillventa 2024 &#8211; Une rencontre de premier plan pour les professionnels de la r\u00e9frig\u00e9ration","datePublished":"2024-07-11T15:23:01+00:00","dateModified":"2024-08-05T13:26:17+00:00","mainEntityOfPage":{"@id":"https:\/\/sophia4africa.eu\/fr\/2024\/07\/11\/sophia-au-chillventa-2024-une-rencontre-de-premier-plan-pour-les-professionnels-de-la-refrigeration\/"},"wordCount":282,"publisher":{"@id":"https:\/\/sophia4africa.eu\/fr\/#organization"},"image":{"@id":"https:\/\/sophia4africa.eu\/fr\/2024\/07\/11\/sophia-au-chillventa-2024-une-rencontre-de-premier-plan-pour-les-professionnels-de-la-refrigeration\/#primaryimage"},"thumbnailUrl":"https:\/\/sophia4africa.eu\/wp-content\/uploads\/2024\/07\/c151.png","articleSection":["News"],"inLanguage":"fr-FR"},{"@type":"WebPage","@id":"https:\/\/sophia4africa.eu\/fr\/2024\/07\/11\/sophia-au-chillventa-2024-une-rencontre-de-premier-plan-pour-les-professionnels-de-la-refrigeration\/","url":"https:\/\/sophia4africa.eu\/fr\/2024\/07\/11\/sophia-au-chillventa-2024-une-rencontre-de-premier-plan-pour-les-professionnels-de-la-refrigeration\/","name":"SophiA au Chillventa 2024 - Une rencontre de premier plan pour les professionnels de la r\u00e9frig\u00e9ration - SophiA 4 Africa","isPartOf":{"@id":"https:\/\/sophia4africa.eu\/fr\/#website"},"primaryImageOfPage":{"@id":"https:\/\/sophia4africa.eu\/fr\/2024\/07\/11\/sophia-au-chillventa-2024-une-rencontre-de-premier-plan-pour-les-professionnels-de-la-refrigeration\/#primaryimage"},"image":{"@id":"https:\/\/sophia4africa.eu\/fr\/2024\/07\/11\/sophia-au-chillventa-2024-une-rencontre-de-premier-plan-pour-les-professionnels-de-la-refrigeration\/#primaryimage"},"thumbnailUrl":"https:\/\/sophia4africa.eu\/wp-content\/uploads\/2024\/07\/c151.png","datePublished":"2024-07-11T15:23:01+00:00","dateModified":"2024-08-05T13:26:17+00:00","description":"Du 24 au 28 juin 2024, l'Institut 2iE a organis\u00e9 un \u00e9v\u00e9nement de renforcement des capacit\u00e9s pour les techniciens et ing\u00e9nieurs locaux \u00e0 Kombissir et L\u00e9o, au Burkina Faso.Rejoignez-nous du 8 au 10 octobre 2024 pour vivre cet \u00e9v\u00e9nement remarquable en direct et en personne. C 'est une occasion unique d' \u00e9changer des id\u00e9es avec des professionnels du secteur et des experts internationaux.","breadcrumb":{"@id":"https:\/\/sophia4africa.eu\/fr\/2024\/07\/11\/sophia-au-chillventa-2024-une-rencontre-de-premier-plan-pour-les-professionnels-de-la-refrigeration\/#breadcrumb"},"inLanguage":"fr-FR","potentialAction":[{"@type":"ReadAction","target":["https:\/\/sophia4africa.eu\/fr\/2024\/07\/11\/sophia-au-chillventa-2024-une-rencontre-de-premier-plan-pour-les-professionnels-de-la-refrigeration\/"]}]},{"@type":"ImageObject","inLanguage":"fr-FR","@id":"https:\/\/sophia4africa.eu\/fr\/2024\/07\/11\/sophia-au-chillventa-2024-une-rencontre-de-premier-plan-pour-les-professionnels-de-la-refrigeration\/#primaryimage","url":"https:\/\/sophia4africa.eu\/wp-content\/uploads\/2024\/07\/c151.png","contentUrl":"https:\/\/sophia4africa.eu\/wp-content\/uploads\/2024\/07\/c151.png","width":1200,"height":950},{"@type":"BreadcrumbList","@id":"https:\/\/sophia4africa.eu\/fr\/2024\/07\/11\/sophia-au-chillventa-2024-une-rencontre-de-premier-plan-pour-les-professionnels-de-la-refrigeration\/#breadcrumb","itemListElement":[{"@type":"ListItem","position":1,"name":"Home","item":"https:\/\/sophia4africa.eu\/fr\/accueil\/"},{"@type":"ListItem","position":2,"name":"SophiA au Chillventa 2024 &#8211; Une rencontre de premier plan pour les professionnels de la r\u00e9frig\u00e9ration"}]},{"@type":"WebSite","@id":"https:\/\/sophia4africa.eu\/fr\/#website","url":"https:\/\/sophia4africa.eu\/fr\/","name":"SophiA 4 Africa","description":"","publisher":{"@id":"https:\/\/sophia4africa.eu\/fr\/#organization"},"potentialAction":[{"@type":"SearchAction","target":{"@type":"EntryPoint","urlTemplate":"https:\/\/sophia4africa.eu\/fr\/?s={search_term_string}"},"query-input":{"@type":"PropertyValueSpecification","valueRequired":true,"valueName":"search_term_string"}}],"inLanguage":"fr-FR"},{"@type":"Organization","@id":"https:\/\/sophia4africa.eu\/fr\/#organization","name":"SophiA4Africa","url":"https:\/\/sophia4africa.eu\/fr\/","logo":{"@type":"ImageObject","inLanguage":"fr-FR","@id":"https:\/\/sophia4africa.eu\/fr\/#\/schema\/logo\/image\/","url":"https:\/\/sophia4africa.eu\/wp-content\/uploads\/2022\/03\/logo-sophia-329x114-1.png","contentUrl":"https:\/\/sophia4africa.eu\/wp-content\/uploads\/2022\/03\/logo-sophia-329x114-1.png","width":329,"height":114,"caption":"SophiA4Africa"},"image":{"@id":"https:\/\/sophia4africa.eu\/fr\/#\/schema\/logo\/image\/"},"sameAs":["https:\/\/www.facebook.com\/sophiA4Africa"]},{"@type":"Person","@id":"https:\/\/sophia4africa.eu\/fr\/#\/schema\/person\/3f0e6b8969b24c5976b6605c0520d91d","name":"gerard.billong","image":{"@type":"ImageObject","inLanguage":"fr-FR","@id":"https:\/\/secure.gravatar.com\/avatar\/6575a85dc60d76d05c2b23bdf5c34e7c762da400145ec14fa6d495d2d1870f47?s=96&d=mm&r=g","url":"https:\/\/secure.gravatar.com\/avatar\/6575a85dc60d76d05c2b23bdf5c34e7c762da400145ec14fa6d495d2d1870f47?s=96&d=mm&r=g","contentUrl":"https:\/\/secure.gravatar.com\/avatar\/6575a85dc60d76d05c2b23bdf5c34e7c762da400145ec14fa6d495d2d1870f47?s=96&d=mm&r=g","caption":"gerard.billong"},"url":"https:\/\/sophia4africa.eu\/fr\/author\/gerard-billong\/"}]}},"_links":{"self":[{"href":"https:\/\/sophia4africa.eu\/fr\/wp-json\/wp\/v2\/posts\/62415","targetHints":{"allow":["GET"]}}],"collection":[{"href":"https:\/\/sophia4africa.eu\/fr\/wp-json\/wp\/v2\/posts"}],"about":[{"href":"https:\/\/sophia4africa.eu\/fr\/wp-json\/wp\/v2\/types\/post"}],"author":[{"embeddable":true,"href":"https:\/\/sophia4africa.eu\/fr\/wp-json\/wp\/v2\/users\/7"}],"replies":[{"embeddable":true,"href":"https:\/\/sophia4africa.eu\/fr\/wp-json\/wp\/v2\/comments?post=62415"}],"version-history":[{"count":0,"href":"https:\/\/sophia4africa.eu\/fr\/wp-json\/wp\/v2\/posts\/62415\/revisions"}],"wp:featuredmedia":[{"embeddable":true,"href":"https:\/\/sophia4africa.eu\/fr\/wp-json\/wp\/v2\/media\/62417"}],"wp:attachment":[{"href":"https:\/\/sophia4africa.eu\/fr\/wp-json\/wp\/v2\/media?parent=62415"}],"wp:term":[{"taxonomy":"category","embeddable":true,"href":"https:\/\/sophia4africa.eu\/fr\/wp-json\/wp\/v2\/categories?post=62415"},{"taxonomy":"post_tag","embeddable":true,"href":"https:\/\/sophia4africa.eu\/fr\/wp-json\/wp\/v2\/tags?post=62415"}],"curies":[{"name":"wp","href":"https:\/\/api.w.org\/{rel}","templated":true}]}}