{"id":60942,"date":"2023-01-03T20:58:09","date_gmt":"2023-01-03T19:58:09","guid":{"rendered":"https:\/\/sophia4africa.eu\/2023\/01\/03\/participation-de-sophia-a-la-cop-27\/"},"modified":"2023-01-05T14:48:28","modified_gmt":"2023-01-05T13:48:28","slug":"participation-de-sophia-a-la-cop-27","status":"publish","type":"post","link":"https:\/\/sophia4africa.eu\/fr\/2023\/01\/03\/participation-de-sophia-a-la-cop-27\/","title":{"rendered":"Participation de Sophia \u00e0 la COP 27"},"content":{"rendered":"<p><span style=\"font-size: 14pt;\"><strong>La COP 27 a marqu\u00e9 le 30\u00e8me anniversaire de l&rsquo;adoption de la CCNUCC \u00e0 Sharm El-Sheikh (Egypte) du 6 au 20 novembre 2022. SophiA \u00e9tait aussi l\u00e0 !<\/strong><\/span><\/p>\n<p>L&rsquo;un des principaux r\u00e9sultats de la COP27 est la cr\u00e9ation d&rsquo;un fonds pour les pertes et les dommages afin de sauver les moyens de subsistance et de<strong>soutenir les \u00e9conomies \u00e0 revenu faible ou interm\u00e9diaire<\/strong> consid\u00e9r\u00e9es comme les principales victimes des catastrophes violentes qui frappent la plan\u00e8te. Les catastrophes sont souvent associ\u00e9es \u00e0 l&rsquo;augmentation constante des \u00e9missions de GES \u00e0 l&rsquo;\u00e9chelle mondiale. Les parties ont \u00e9galement r\u00e9affirm\u00e9 leur soutien et soulign\u00e9 la n\u00e9cessit\u00e9 d&rsquo;adopter des solutions innovantes et propres qui contribueraient \u00e0 la r\u00e9alisation des <strong>objectifs soci\u00e9taux, \u00e9conomiques et sanitaires des ODD<\/strong>. Dans ce contexte,<strong> Sophia a \u00e9t\u00e9 promue sur le stand de l&rsquo;IIR<\/strong> en soulignant le potentiel du projet pour construire une infrastructure efficace et r\u00e9sistante au climat dans les secteurs de l&rsquo;alimentation et de la sant\u00e9, r\u00e9pondant aux besoins du continent africain tout en r\u00e9duisant les \u00e9missions associ\u00e9es.<\/p>\n<p><img loading=\"lazy\" decoding=\"async\" class=\"alignnone wp-image-60920\" src=\"https:\/\/sophia4africa.eu\/wp-content\/uploads\/2023\/01\/cop-dc-300x169.jpg\" alt=\"SophiA in COP 27\" width=\"478\" height=\"269\" srcset=\"https:\/\/sophia4africa.eu\/wp-content\/uploads\/2023\/01\/cop-dc-300x169.jpg 300w, https:\/\/sophia4africa.eu\/wp-content\/uploads\/2023\/01\/cop-dc-768x432.jpg 768w, https:\/\/sophia4africa.eu\/wp-content\/uploads\/2023\/01\/cop-dc.jpg 966w\" sizes=\"auto, (max-width: 478px) 100vw, 478px\" \/>     <img loading=\"lazy\" decoding=\"async\" class=\"alignnone wp-image-60917\" src=\"https:\/\/sophia4africa.eu\/wp-content\/uploads\/2023\/01\/cop27-2-300x289.jpeg\" alt=\"SophiA \u00e0 la COP 27\" width=\"278\" height=\"268\" srcset=\"https:\/\/sophia4africa.eu\/wp-content\/uploads\/2023\/01\/cop27-2-300x289.jpeg 300w, https:\/\/sophia4africa.eu\/wp-content\/uploads\/2023\/01\/cop27-2-1024x986.jpeg 1024w, https:\/\/sophia4africa.eu\/wp-content\/uploads\/2023\/01\/cop27-2-768x740.jpeg 768w, https:\/\/sophia4africa.eu\/wp-content\/uploads\/2023\/01\/cop27-2.jpeg 1200w\" sizes=\"auto, (max-width: 278px) 100vw, 278px\" \/><\/p>\n","protected":false},"excerpt":{"rendered":"<p>La COP 27 a marqu\u00e9 le 30\u00e8me anniversaire de l&rsquo;adoption de la CCNUCC \u00e0 Sharm El-Sheikh (Egypte) du 6 au 20 novembre 2022. SophiA \u00e9tait aussi l\u00e0 ! L&rsquo;un des principaux r\u00e9sultats de la COP27 est la cr\u00e9ation d&rsquo;un fonds pour les pertes et les dommages afin de sauver les moyens de subsistance et desoutenir&hellip;<\/p>\n","protected":false},"author":4,"featured_media":60915,"comment_status":"closed","ping_status":"open","sticky":false,"template":"","format":"standard","meta":{"footnotes":""},"categories":[605],"tags":[583,753,752],"class_list":["post-60942","post","type-post","status-publish","format-standard","has-post-thumbnail","hentry","category-reunion","tag-conference-fr","tag-egypte","tag-onu","category-605","description-off"],"yoast_head":"<!-- This site is optimized with the Yoast SEO plugin v27.3 - https:\/\/yoast.com\/product\/yoast-seo-wordpress\/ -->\n<title>Participation de Sophia \u00e0 la COP 27 - SophiA 4 Africa<\/title>\n<meta name=\"description\" content=\"Sophia present in COP 27 in Sharm El-Sheikh (Egypt) from 6-20 November 2022\" \/>\n<meta name=\"robots\" content=\"index, follow, max-snippet:-1, max-image-preview:large, max-video-preview:-1\" \/>\n<link rel=\"canonical\" href=\"https:\/\/sophia4africa.eu\/fr\/2023\/01\/03\/participation-de-sophia-a-la-cop-27\/\" \/>\n<meta property=\"og:locale\" content=\"fr_FR\" \/>\n<meta property=\"og:type\" content=\"article\" \/>\n<meta property=\"og:title\" content=\"Participation de Sophia \u00e0 la COP 27 - SophiA 4 Africa\" \/>\n<meta property=\"og:description\" content=\"Sophia present in COP 27 in Sharm El-Sheikh (Egypt) from 6-20 November 2022\" \/>\n<meta property=\"og:url\" content=\"https:\/\/sophia4africa.eu\/fr\/2023\/01\/03\/participation-de-sophia-a-la-cop-27\/\" \/>\n<meta property=\"og:site_name\" content=\"SophiA 4 Africa\" \/>\n<meta property=\"article:publisher\" content=\"https:\/\/www.facebook.com\/sophiA4Africa\" \/>\n<meta property=\"article:published_time\" content=\"2023-01-03T19:58:09+00:00\" \/>\n<meta property=\"article:modified_time\" content=\"2023-01-05T13:48:28+00:00\" \/>\n<meta property=\"og:image\" content=\"https:\/\/sophia4africa.eu\/wp-content\/uploads\/2023\/01\/cop27-1-2.jpeg\" \/>\n\t<meta property=\"og:image:width\" content=\"1200\" \/>\n\t<meta property=\"og:image:height\" content=\"671\" \/>\n\t<meta property=\"og:image:type\" content=\"image\/jpeg\" \/>\n<meta name=\"author\" content=\"Ina Colombo\" \/>\n<meta name=\"twitter:card\" content=\"summary_large_image\" \/>\n<meta name=\"twitter:label1\" content=\"\u00c9crit par\" \/>\n\t<meta name=\"twitter:data1\" content=\"Ina Colombo\" \/>\n\t<meta name=\"twitter:label2\" content=\"Dur\u00e9e de lecture estim\u00e9e\" \/>\n\t<meta name=\"twitter:data2\" content=\"1 minute\" \/>\n<script type=\"application\/ld+json\" class=\"yoast-schema-graph\">{\"@context\":\"https:\\\/\\\/schema.org\",\"@graph\":[{\"@type\":\"Article\",\"@id\":\"https:\\\/\\\/sophia4africa.eu\\\/fr\\\/2023\\\/01\\\/03\\\/participation-de-sophia-a-la-cop-27\\\/#article\",\"isPartOf\":{\"@id\":\"https:\\\/\\\/sophia4africa.eu\\\/fr\\\/2023\\\/01\\\/03\\\/participation-de-sophia-a-la-cop-27\\\/\"},\"author\":{\"name\":\"Ina Colombo\",\"@id\":\"https:\\\/\\\/sophia4africa.eu\\\/fr\\\/#\\\/schema\\\/person\\\/2159ca26f6af6e225b97f692e62a0360\"},\"headline\":\"Participation de Sophia \u00e0 la COP 27\",\"datePublished\":\"2023-01-03T19:58:09+00:00\",\"dateModified\":\"2023-01-05T13:48:28+00:00\",\"mainEntityOfPage\":{\"@id\":\"https:\\\/\\\/sophia4africa.eu\\\/fr\\\/2023\\\/01\\\/03\\\/participation-de-sophia-a-la-cop-27\\\/\"},\"wordCount\":185,\"publisher\":{\"@id\":\"https:\\\/\\\/sophia4africa.eu\\\/fr\\\/#organization\"},\"image\":{\"@id\":\"https:\\\/\\\/sophia4africa.eu\\\/fr\\\/2023\\\/01\\\/03\\\/participation-de-sophia-a-la-cop-27\\\/#primaryimage\"},\"thumbnailUrl\":\"https:\\\/\\\/sophia4africa.eu\\\/wp-content\\\/uploads\\\/2023\\\/01\\\/cop27-1-2.jpeg\",\"keywords\":[\"conf\u00e9rence\",\"\u00c9gypte\",\"ONU\"],\"articleSection\":[\"R\u00e9union\"],\"inLanguage\":\"fr-FR\"},{\"@type\":\"WebPage\",\"@id\":\"https:\\\/\\\/sophia4africa.eu\\\/fr\\\/2023\\\/01\\\/03\\\/participation-de-sophia-a-la-cop-27\\\/\",\"url\":\"https:\\\/\\\/sophia4africa.eu\\\/fr\\\/2023\\\/01\\\/03\\\/participation-de-sophia-a-la-cop-27\\\/\",\"name\":\"Participation de Sophia \u00e0 la COP 27 - SophiA 4 Africa\",\"isPartOf\":{\"@id\":\"https:\\\/\\\/sophia4africa.eu\\\/fr\\\/#website\"},\"primaryImageOfPage\":{\"@id\":\"https:\\\/\\\/sophia4africa.eu\\\/fr\\\/2023\\\/01\\\/03\\\/participation-de-sophia-a-la-cop-27\\\/#primaryimage\"},\"image\":{\"@id\":\"https:\\\/\\\/sophia4africa.eu\\\/fr\\\/2023\\\/01\\\/03\\\/participation-de-sophia-a-la-cop-27\\\/#primaryimage\"},\"thumbnailUrl\":\"https:\\\/\\\/sophia4africa.eu\\\/wp-content\\\/uploads\\\/2023\\\/01\\\/cop27-1-2.jpeg\",\"datePublished\":\"2023-01-03T19:58:09+00:00\",\"dateModified\":\"2023-01-05T13:48:28+00:00\",\"description\":\"Sophia present in COP 27 in Sharm El-Sheikh (Egypt) from 6-20 November 2022\",\"breadcrumb\":{\"@id\":\"https:\\\/\\\/sophia4africa.eu\\\/fr\\\/2023\\\/01\\\/03\\\/participation-de-sophia-a-la-cop-27\\\/#breadcrumb\"},\"inLanguage\":\"fr-FR\",\"potentialAction\":[{\"@type\":\"ReadAction\",\"target\":[\"https:\\\/\\\/sophia4africa.eu\\\/fr\\\/2023\\\/01\\\/03\\\/participation-de-sophia-a-la-cop-27\\\/\"]}]},{\"@type\":\"ImageObject\",\"inLanguage\":\"fr-FR\",\"@id\":\"https:\\\/\\\/sophia4africa.eu\\\/fr\\\/2023\\\/01\\\/03\\\/participation-de-sophia-a-la-cop-27\\\/#primaryimage\",\"url\":\"https:\\\/\\\/sophia4africa.eu\\\/wp-content\\\/uploads\\\/2023\\\/01\\\/cop27-1-2.jpeg\",\"contentUrl\":\"https:\\\/\\\/sophia4africa.eu\\\/wp-content\\\/uploads\\\/2023\\\/01\\\/cop27-1-2.jpeg\",\"width\":1200,\"height\":671,\"caption\":\"SophiA in COP 27\"},{\"@type\":\"BreadcrumbList\",\"@id\":\"https:\\\/\\\/sophia4africa.eu\\\/fr\\\/2023\\\/01\\\/03\\\/participation-de-sophia-a-la-cop-27\\\/#breadcrumb\",\"itemListElement\":[{\"@type\":\"ListItem\",\"position\":1,\"name\":\"Home\",\"item\":\"https:\\\/\\\/sophia4africa.eu\\\/fr\\\/accueil\\\/\"},{\"@type\":\"ListItem\",\"position\":2,\"name\":\"Participation de Sophia \u00e0 la COP 27\"}]},{\"@type\":\"WebSite\",\"@id\":\"https:\\\/\\\/sophia4africa.eu\\\/fr\\\/#website\",\"url\":\"https:\\\/\\\/sophia4africa.eu\\\/fr\\\/\",\"name\":\"SophiA 4 Africa\",\"description\":\"\",\"publisher\":{\"@id\":\"https:\\\/\\\/sophia4africa.eu\\\/fr\\\/#organization\"},\"potentialAction\":[{\"@type\":\"SearchAction\",\"target\":{\"@type\":\"EntryPoint\",\"urlTemplate\":\"https:\\\/\\\/sophia4africa.eu\\\/fr\\\/?s={search_term_string}\"},\"query-input\":{\"@type\":\"PropertyValueSpecification\",\"valueRequired\":true,\"valueName\":\"search_term_string\"}}],\"inLanguage\":\"fr-FR\"},{\"@type\":\"Organization\",\"@id\":\"https:\\\/\\\/sophia4africa.eu\\\/fr\\\/#organization\",\"name\":\"SophiA4Africa\",\"url\":\"https:\\\/\\\/sophia4africa.eu\\\/fr\\\/\",\"logo\":{\"@type\":\"ImageObject\",\"inLanguage\":\"fr-FR\",\"@id\":\"https:\\\/\\\/sophia4africa.eu\\\/fr\\\/#\\\/schema\\\/logo\\\/image\\\/\",\"url\":\"https:\\\/\\\/sophia4africa.eu\\\/wp-content\\\/uploads\\\/2022\\\/03\\\/logo-sophia-329x114-1.png\",\"contentUrl\":\"https:\\\/\\\/sophia4africa.eu\\\/wp-content\\\/uploads\\\/2022\\\/03\\\/logo-sophia-329x114-1.png\",\"width\":329,\"height\":114,\"caption\":\"SophiA4Africa\"},\"image\":{\"@id\":\"https:\\\/\\\/sophia4africa.eu\\\/fr\\\/#\\\/schema\\\/logo\\\/image\\\/\"},\"sameAs\":[\"https:\\\/\\\/www.facebook.com\\\/sophiA4Africa\"]},{\"@type\":\"Person\",\"@id\":\"https:\\\/\\\/sophia4africa.eu\\\/fr\\\/#\\\/schema\\\/person\\\/2159ca26f6af6e225b97f692e62a0360\",\"name\":\"Ina Colombo\",\"image\":{\"@type\":\"ImageObject\",\"inLanguage\":\"fr-FR\",\"@id\":\"https:\\\/\\\/secure.gravatar.com\\\/avatar\\\/ba72dfba9acdad8bfcd3f81ef745fee4421d0981d9c73c25364322bb3caf1db1?s=96&d=mm&r=g\",\"url\":\"https:\\\/\\\/secure.gravatar.com\\\/avatar\\\/ba72dfba9acdad8bfcd3f81ef745fee4421d0981d9c73c25364322bb3caf1db1?s=96&d=mm&r=g\",\"contentUrl\":\"https:\\\/\\\/secure.gravatar.com\\\/avatar\\\/ba72dfba9acdad8bfcd3f81ef745fee4421d0981d9c73c25364322bb3caf1db1?s=96&d=mm&r=g\",\"caption\":\"Ina Colombo\"},\"url\":\"https:\\\/\\\/sophia4africa.eu\\\/fr\\\/author\\\/ina-colombo\\\/\"}]}<\/script>\n<!-- \/ Yoast SEO plugin. -->","yoast_head_json":{"title":"Participation de Sophia \u00e0 la COP 27 - SophiA 4 Africa","description":"Sophia present in COP 27 in Sharm El-Sheikh (Egypt) from 6-20 November 2022","robots":{"index":"index","follow":"follow","max-snippet":"max-snippet:-1","max-image-preview":"max-image-preview:large","max-video-preview":"max-video-preview:-1"},"canonical":"https:\/\/sophia4africa.eu\/fr\/2023\/01\/03\/participation-de-sophia-a-la-cop-27\/","og_locale":"fr_FR","og_type":"article","og_title":"Participation de Sophia \u00e0 la COP 27 - SophiA 4 Africa","og_description":"Sophia present in COP 27 in Sharm El-Sheikh (Egypt) from 6-20 November 2022","og_url":"https:\/\/sophia4africa.eu\/fr\/2023\/01\/03\/participation-de-sophia-a-la-cop-27\/","og_site_name":"SophiA 4 Africa","article_publisher":"https:\/\/www.facebook.com\/sophiA4Africa","article_published_time":"2023-01-03T19:58:09+00:00","article_modified_time":"2023-01-05T13:48:28+00:00","og_image":[{"width":1200,"height":671,"url":"https:\/\/sophia4africa.eu\/wp-content\/uploads\/2023\/01\/cop27-1-2.jpeg","type":"image\/jpeg"}],"author":"Ina Colombo","twitter_card":"summary_large_image","twitter_misc":{"\u00c9crit par":"Ina Colombo","Dur\u00e9e de lecture estim\u00e9e":"1 minute"},"schema":{"@context":"https:\/\/schema.org","@graph":[{"@type":"Article","@id":"https:\/\/sophia4africa.eu\/fr\/2023\/01\/03\/participation-de-sophia-a-la-cop-27\/#article","isPartOf":{"@id":"https:\/\/sophia4africa.eu\/fr\/2023\/01\/03\/participation-de-sophia-a-la-cop-27\/"},"author":{"name":"Ina Colombo","@id":"https:\/\/sophia4africa.eu\/fr\/#\/schema\/person\/2159ca26f6af6e225b97f692e62a0360"},"headline":"Participation de Sophia \u00e0 la COP 27","datePublished":"2023-01-03T19:58:09+00:00","dateModified":"2023-01-05T13:48:28+00:00","mainEntityOfPage":{"@id":"https:\/\/sophia4africa.eu\/fr\/2023\/01\/03\/participation-de-sophia-a-la-cop-27\/"},"wordCount":185,"publisher":{"@id":"https:\/\/sophia4africa.eu\/fr\/#organization"},"image":{"@id":"https:\/\/sophia4africa.eu\/fr\/2023\/01\/03\/participation-de-sophia-a-la-cop-27\/#primaryimage"},"thumbnailUrl":"https:\/\/sophia4africa.eu\/wp-content\/uploads\/2023\/01\/cop27-1-2.jpeg","keywords":["conf\u00e9rence","\u00c9gypte","ONU"],"articleSection":["R\u00e9union"],"inLanguage":"fr-FR"},{"@type":"WebPage","@id":"https:\/\/sophia4africa.eu\/fr\/2023\/01\/03\/participation-de-sophia-a-la-cop-27\/","url":"https:\/\/sophia4africa.eu\/fr\/2023\/01\/03\/participation-de-sophia-a-la-cop-27\/","name":"Participation de Sophia \u00e0 la COP 27 - SophiA 4 Africa","isPartOf":{"@id":"https:\/\/sophia4africa.eu\/fr\/#website"},"primaryImageOfPage":{"@id":"https:\/\/sophia4africa.eu\/fr\/2023\/01\/03\/participation-de-sophia-a-la-cop-27\/#primaryimage"},"image":{"@id":"https:\/\/sophia4africa.eu\/fr\/2023\/01\/03\/participation-de-sophia-a-la-cop-27\/#primaryimage"},"thumbnailUrl":"https:\/\/sophia4africa.eu\/wp-content\/uploads\/2023\/01\/cop27-1-2.jpeg","datePublished":"2023-01-03T19:58:09+00:00","dateModified":"2023-01-05T13:48:28+00:00","description":"Sophia present in COP 27 in Sharm El-Sheikh (Egypt) from 6-20 November 2022","breadcrumb":{"@id":"https:\/\/sophia4africa.eu\/fr\/2023\/01\/03\/participation-de-sophia-a-la-cop-27\/#breadcrumb"},"inLanguage":"fr-FR","potentialAction":[{"@type":"ReadAction","target":["https:\/\/sophia4africa.eu\/fr\/2023\/01\/03\/participation-de-sophia-a-la-cop-27\/"]}]},{"@type":"ImageObject","inLanguage":"fr-FR","@id":"https:\/\/sophia4africa.eu\/fr\/2023\/01\/03\/participation-de-sophia-a-la-cop-27\/#primaryimage","url":"https:\/\/sophia4africa.eu\/wp-content\/uploads\/2023\/01\/cop27-1-2.jpeg","contentUrl":"https:\/\/sophia4africa.eu\/wp-content\/uploads\/2023\/01\/cop27-1-2.jpeg","width":1200,"height":671,"caption":"SophiA in COP 27"},{"@type":"BreadcrumbList","@id":"https:\/\/sophia4africa.eu\/fr\/2023\/01\/03\/participation-de-sophia-a-la-cop-27\/#breadcrumb","itemListElement":[{"@type":"ListItem","position":1,"name":"Home","item":"https:\/\/sophia4africa.eu\/fr\/accueil\/"},{"@type":"ListItem","position":2,"name":"Participation de Sophia \u00e0 la COP 27"}]},{"@type":"WebSite","@id":"https:\/\/sophia4africa.eu\/fr\/#website","url":"https:\/\/sophia4africa.eu\/fr\/","name":"SophiA 4 Africa","description":"","publisher":{"@id":"https:\/\/sophia4africa.eu\/fr\/#organization"},"potentialAction":[{"@type":"SearchAction","target":{"@type":"EntryPoint","urlTemplate":"https:\/\/sophia4africa.eu\/fr\/?s={search_term_string}"},"query-input":{"@type":"PropertyValueSpecification","valueRequired":true,"valueName":"search_term_string"}}],"inLanguage":"fr-FR"},{"@type":"Organization","@id":"https:\/\/sophia4africa.eu\/fr\/#organization","name":"SophiA4Africa","url":"https:\/\/sophia4africa.eu\/fr\/","logo":{"@type":"ImageObject","inLanguage":"fr-FR","@id":"https:\/\/sophia4africa.eu\/fr\/#\/schema\/logo\/image\/","url":"https:\/\/sophia4africa.eu\/wp-content\/uploads\/2022\/03\/logo-sophia-329x114-1.png","contentUrl":"https:\/\/sophia4africa.eu\/wp-content\/uploads\/2022\/03\/logo-sophia-329x114-1.png","width":329,"height":114,"caption":"SophiA4Africa"},"image":{"@id":"https:\/\/sophia4africa.eu\/fr\/#\/schema\/logo\/image\/"},"sameAs":["https:\/\/www.facebook.com\/sophiA4Africa"]},{"@type":"Person","@id":"https:\/\/sophia4africa.eu\/fr\/#\/schema\/person\/2159ca26f6af6e225b97f692e62a0360","name":"Ina Colombo","image":{"@type":"ImageObject","inLanguage":"fr-FR","@id":"https:\/\/secure.gravatar.com\/avatar\/ba72dfba9acdad8bfcd3f81ef745fee4421d0981d9c73c25364322bb3caf1db1?s=96&d=mm&r=g","url":"https:\/\/secure.gravatar.com\/avatar\/ba72dfba9acdad8bfcd3f81ef745fee4421d0981d9c73c25364322bb3caf1db1?s=96&d=mm&r=g","contentUrl":"https:\/\/secure.gravatar.com\/avatar\/ba72dfba9acdad8bfcd3f81ef745fee4421d0981d9c73c25364322bb3caf1db1?s=96&d=mm&r=g","caption":"Ina Colombo"},"url":"https:\/\/sophia4africa.eu\/fr\/author\/ina-colombo\/"}]}},"_links":{"self":[{"href":"https:\/\/sophia4africa.eu\/fr\/wp-json\/wp\/v2\/posts\/60942","targetHints":{"allow":["GET"]}}],"collection":[{"href":"https:\/\/sophia4africa.eu\/fr\/wp-json\/wp\/v2\/posts"}],"about":[{"href":"https:\/\/sophia4africa.eu\/fr\/wp-json\/wp\/v2\/types\/post"}],"author":[{"embeddable":true,"href":"https:\/\/sophia4africa.eu\/fr\/wp-json\/wp\/v2\/users\/4"}],"replies":[{"embeddable":true,"href":"https:\/\/sophia4africa.eu\/fr\/wp-json\/wp\/v2\/comments?post=60942"}],"version-history":[{"count":0,"href":"https:\/\/sophia4africa.eu\/fr\/wp-json\/wp\/v2\/posts\/60942\/revisions"}],"wp:featuredmedia":[{"embeddable":true,"href":"https:\/\/sophia4africa.eu\/fr\/wp-json\/wp\/v2\/media\/60915"}],"wp:attachment":[{"href":"https:\/\/sophia4africa.eu\/fr\/wp-json\/wp\/v2\/media?parent=60942"}],"wp:term":[{"taxonomy":"category","embeddable":true,"href":"https:\/\/sophia4africa.eu\/fr\/wp-json\/wp\/v2\/categories?post=60942"},{"taxonomy":"post_tag","embeddable":true,"href":"https:\/\/sophia4africa.eu\/fr\/wp-json\/wp\/v2\/tags?post=60942"}],"curies":[{"name":"wp","href":"https:\/\/api.w.org\/{rel}","templated":true}]}}